{"id":314468,"date":"2019-01-23T08:24:28","date_gmt":"2019-01-23T12:24:28","guid":{"rendered":"http:\/\/primermomento.com\/?p=314468"},"modified":"2019-01-23T10:28:53","modified_gmt":"2019-01-23T14:28:53","slug":"pepca-presenta-acusacion-formal-en-caso-odebrecht","status":"publish","type":"post","link":"https:\/\/primermomento.com\/?p=314468","title":{"rendered":"Pepca presenta acusaci\u00f3n formal en caso Odebrecht"},"content":{"rendered":"\n<p> SANTO DOMINGO, Rep\u00fablica Dominicana.- La Procuradur\u00eda Especializada en  Persecuci\u00f3n de la Corrupci\u00f3n Administrativa (Pepca), dar\u00e1 lectura hoy a  la acusaci\u00f3n formal contra los siete imputados por el caso de los  sobornos de Odebrecht en Rep\u00fablica Dominicana.                         <br>                          <\/p>\n\n\n\n<div class=\"wp-block-image\"><figure class=\"aligncenter\"><img loading=\"lazy\" decoding=\"async\" width=\"524\" height=\"350\" src=\"http:\/\/primermomento.com\/wp-content\/uploads\/2019\/01\/caso-odebrecht1.jpg\" alt=\"\" class=\"wp-image-314469\" srcset=\"https:\/\/primermomento.com\/wp-content\/uploads\/2019\/01\/caso-odebrecht1.jpg 524w, https:\/\/primermomento.com\/wp-content\/uploads\/2019\/01\/caso-odebrecht1-300x200.jpg 300w, https:\/\/primermomento.com\/wp-content\/uploads\/2019\/01\/caso-odebrecht1-73x50.jpg 73w, https:\/\/primermomento.com\/wp-content\/uploads\/2019\/01\/caso-odebrecht1-500x334.jpg 500w, https:\/\/primermomento.com\/wp-content\/uploads\/2019\/01\/caso-odebrecht1-280x187.jpg 280w, https:\/\/primermomento.com\/wp-content\/uploads\/2019\/01\/caso-odebrecht1-60x40.jpg 60w, https:\/\/primermomento.com\/wp-content\/uploads\/2019\/01\/caso-odebrecht1-118x79.jpg 118w, https:\/\/primermomento.com\/wp-content\/uploads\/2019\/01\/caso-odebrecht1-479x320.jpg 479w\" sizes=\"auto, (max-width: 524px) 100vw, 524px\" \/><\/figure><\/div>\n\n\n\n<p>De acuerdo con el  calendario establecido por el juez de la Instrucci\u00f3n Especial de la  Suprema Corte de Justicia, Francisco Ortega, los fiscales tendr\u00e1n cinco  d\u00edas para dar a conocer sus acusaciones.<\/p>\n\n\n\n<p> Los imputados son el \nempresario \u00c1ngel Rond\u00f3n, el exministro V\u00edctor D\u00edaz, los expresidentes \ndel Senado Andr\u00e9s Bautista y Jes\u00fas V\u00e1squez, el abogado Conrado \nPittaluga, el senador Tommy Gal\u00e1n y el exdirector del Instituto de Aguas\n Potables y Alcantarillado Roberto Rodr\u00edguez.<\/p>\n\n\n\n<p> El caso Odebrecht \nse sigue en este pa\u00eds desde 2017 y a los imputados se les acusa por \nrecibir sobornos por parte de la constructora brasile\u00f1a para la \nadjudicaci\u00f3n de obras del Estado por un valor de 92 millones de d\u00f3lares.<\/p>\n\n\n\n<p>  La empresa constructora brasile\u00f1a lleg\u00f3 a un acuerdo con la  Procuradur\u00eda por el que deber\u00e1 pagar a este pa\u00eds 184 millones de d\u00f3lares  en varias cuotas, el doble de lo entregado en sobornos. <\/p>\n\n\n\n<p style=\"text-align:right\">PL<\/p>\n","protected":false},"excerpt":{"rendered":"<p>SANTO DOMINGO, Rep\u00fablica Dominicana.- La Procuradur\u00eda Especializada en Persecuci\u00f3n de la Corrupci\u00f3n Administrativa (Pepca), dar\u00e1 lectura hoy a la acusaci\u00f3n formal contra los siete imputados por el caso de los sobornos de Odebrecht en Rep\u00fablica Dominicana. De acuerdo con el calendario establecido por el juez de la Instrucci\u00f3n Especial de la Suprema Corte de Justicia, [&hellip;]<\/p>\n","protected":false},"author":1,"featured_media":0,"comment_status":"open","ping_status":"open","sticky":false,"template":"","format":"standard","meta":{"_bbp_topic_count":0,"_bbp_reply_count":0,"_bbp_total_topic_count":0,"_bbp_total_reply_count":0,"_bbp_voice_count":0,"_bbp_anonymous_reply_count":0,"_bbp_topic_count_hidden":0,"_bbp_reply_count_hidden":0,"_bbp_forum_subforum_count":0,"footnotes":""},"categories":[30,60],"tags":[],"class_list":{"0":"post-314468","1":"post","2":"type-post","3":"status-publish","4":"format-standard","6":"category-actualidad","7":"category-titulares-del-dia"},"_links":{"self":[{"href":"https:\/\/primermomento.com\/index.php?rest_route=\/wp\/v2\/posts\/314468","targetHints":{"allow":["GET"]}}],"collection":[{"href":"https:\/\/primermomento.com\/index.php?rest_route=\/wp\/v2\/posts"}],"about":[{"href":"https:\/\/primermomento.com\/index.php?rest_route=\/wp\/v2\/types\/post"}],"author":[{"embeddable":true,"href":"https:\/\/primermomento.com\/index.php?rest_route=\/wp\/v2\/users\/1"}],"replies":[{"embeddable":true,"href":"https:\/\/primermomento.com\/index.php?rest_route=%2Fwp%2Fv2%2Fcomments&post=314468"}],"version-history":[{"count":1,"href":"https:\/\/primermomento.com\/index.php?rest_route=\/wp\/v2\/posts\/314468\/revisions"}],"predecessor-version":[{"id":314470,"href":"https:\/\/primermomento.com\/index.php?rest_route=\/wp\/v2\/posts\/314468\/revisions\/314470"}],"wp:attachment":[{"href":"https:\/\/primermomento.com\/index.php?rest_route=%2Fwp%2Fv2%2Fmedia&parent=314468"}],"wp:term":[{"taxonomy":"category","embeddable":true,"href":"https:\/\/primermomento.com\/index.php?rest_route=%2Fwp%2Fv2%2Fcategories&post=314468"},{"taxonomy":"post_tag","embeddable":true,"href":"https:\/\/primermomento.com\/index.php?rest_route=%2Fwp%2Fv2%2Ftags&post=314468"}],"curies":[{"name":"wp","href":"https:\/\/api.w.org\/{rel}","templated":true}]}}