{"id":314511,"date":"2019-01-24T07:26:48","date_gmt":"2019-01-24T11:26:48","guid":{"rendered":"http:\/\/primermomento.com\/?p=314511"},"modified":"2019-01-24T15:29:25","modified_gmt":"2019-01-24T19:29:25","slug":"concejal-continua-oponiendose-al-aumento-de-tarjeta-transporte-publico","status":"publish","type":"post","link":"https:\/\/primermomento.com\/?p=314511","title":{"rendered":"Concejal contin\u00faa oponi\u00e9ndose al aumento de tarjeta transporte p\u00fablico"},"content":{"rendered":"\n<p>NUEVA YORK, Nueva York.- El concejal por el Alto Manhattan, Ydanis Rodr\u00edguez, contin\u00faa oponi\u00e9ndose al aumento de la tarjeta MetroCard del transporte p\u00fablico en esta ciudad, debido a que amenaza el bolsillo de miles de neoyorkinos de bajos ingresos.<\/p>\n\n\n\n<figure class=\"wp-block-image\"><img loading=\"lazy\" decoding=\"async\" width=\"707\" height=\"432\" src=\"http:\/\/primermomento.com\/wp-content\/uploads\/2019\/01\/Concejal-Rodr\u00edguez-contin\u00faa-oponi\u00e9ndose-al-aumento-tarjeta-transporte-p\u00fablico-NY.jpg\" alt=\"\" class=\"wp-image-314512\" srcset=\"https:\/\/primermomento.com\/wp-content\/uploads\/2019\/01\/Concejal-Rodr\u00edguez-contin\u00faa-oponi\u00e9ndose-al-aumento-tarjeta-transporte-p\u00fablico-NY.jpg 707w, https:\/\/primermomento.com\/wp-content\/uploads\/2019\/01\/Concejal-Rodr\u00edguez-contin\u00faa-oponi\u00e9ndose-al-aumento-tarjeta-transporte-p\u00fablico-NY-300x183.jpg 300w, https:\/\/primermomento.com\/wp-content\/uploads\/2019\/01\/Concejal-Rodr\u00edguez-contin\u00faa-oponi\u00e9ndose-al-aumento-tarjeta-transporte-p\u00fablico-NY-110x66.jpg 110w, https:\/\/primermomento.com\/wp-content\/uploads\/2019\/01\/Concejal-Rodr\u00edguez-contin\u00faa-oponi\u00e9ndose-al-aumento-tarjeta-transporte-p\u00fablico-NY-500x306.jpg 500w, https:\/\/primermomento.com\/wp-content\/uploads\/2019\/01\/Concejal-Rodr\u00edguez-contin\u00faa-oponi\u00e9ndose-al-aumento-tarjeta-transporte-p\u00fablico-NY-280x171.jpg 280w, https:\/\/primermomento.com\/wp-content\/uploads\/2019\/01\/Concejal-Rodr\u00edguez-contin\u00faa-oponi\u00e9ndose-al-aumento-tarjeta-transporte-p\u00fablico-NY-638x390.jpg 638w, https:\/\/primermomento.com\/wp-content\/uploads\/2019\/01\/Concejal-Rodr\u00edguez-contin\u00faa-oponi\u00e9ndose-al-aumento-tarjeta-transporte-p\u00fablico-NY-118x72.jpg 118w, https:\/\/primermomento.com\/wp-content\/uploads\/2019\/01\/Concejal-Rodr\u00edguez-contin\u00faa-oponi\u00e9ndose-al-aumento-tarjeta-transporte-p\u00fablico-NY-479x293.jpg 479w\" sizes=\"auto, (max-width: 707px) 100vw, 707px\" \/><\/figure>\n\n\n\n<p>Rodr\u00edguez, quien aspira a convertirse en\nDefensor del Pueblo a partir del pr\u00f3ximo 26 de febrero, logr\u00f3 en diciembre\npasado, junto a otros miembros del Consejo Municipal, detener dicho aumento que\nvuelve este jueves a ser debatido por las autoridades.<\/p>\n\n\n\n<p>Explic\u00f3 que la misma es injusta porque afecta\na la clase trabajadora y entiende que hay otras formas de buscar m\u00e1s recursos.<\/p>\n\n\n\n<p>Recalc\u00f3 que luchar\u00e1 ante el Concejo Municipal\npara evitar que se realicen estos cargos, manteniendo firme su posici\u00f3n, porque\nde ser aprobado el mismo, tendr\u00e1 un impacto muy grave en la calidad de vida de\nnuestra gente.<\/p>\n\n\n\n<p>Seg\u00fan datos de la Sociedad de Servicio\nComunitarios (CSS), uno de cada cuatro neoyorquinos no puede pagar el costo de\nuna tarjeta para el metro o autob\u00fas. <\/p>\n\n\n\n<p>Alrededor de 800 mil residentes en la Gran\nManzana viven en la pobreza, y desde el 2009, los usuarios de transporte\np\u00fablico han experimentado un aumento en las tarifas de aproximadamente un 4%\ncada dos a\u00f1os, precis\u00f3 Rodr\u00edguez.<\/p>\n\n\n\n<p>Recientemente el concejal logr\u00f3 junto al\npresidente del Concejo, Corey Johnson y otros colegas, el programa de tarifas\njustas que permitir\u00e1 a los residentes de bajos ingresos de la ciudad que\ncalifican, comprar MetroCards semanales o mensuales a mitad de precio para el\nmetro y autobuses locales.<\/p>\n\n\n\n<p>Se asignaron $106 millones del presupuesto de la Ciudad para financiar la fase inicial del programa para residentes que viven por debajo del nivel de pobreza federal y as\u00ed evitar que pasajeros eludan pagar o soliciten pases a usuarios y empoderar a aquellos en necesidad para que no tengan que elegir entre pagar por una comida o un pasaje de transporte.<\/p>\n\n\n\n<p style=\"text-align:right\">Ram\u00f3n Mercedes<\/p>\n","protected":false},"excerpt":{"rendered":"<p>NUEVA YORK, Nueva York.- El concejal por el Alto Manhattan, Ydanis Rodr\u00edguez, contin\u00faa oponi\u00e9ndose al aumento de la tarjeta MetroCard del transporte p\u00fablico en esta ciudad, debido a que amenaza el bolsillo de miles de neoyorkinos de bajos ingresos. Rodr\u00edguez, quien aspira a convertirse en Defensor del Pueblo a partir del pr\u00f3ximo 26 de febrero, [&hellip;]<\/p>\n","protected":false},"author":1,"featured_media":0,"comment_status":"open","ping_status":"open","sticky":false,"template":"","format":"standard","meta":{"_bbp_topic_count":0,"_bbp_reply_count":0,"_bbp_total_topic_count":0,"_bbp_total_reply_count":0,"_bbp_voice_count":0,"_bbp_anonymous_reply_count":0,"_bbp_topic_count_hidden":0,"_bbp_reply_count_hidden":0,"_bbp_forum_subforum_count":0,"footnotes":""},"categories":[40,60],"tags":[],"class_list":{"0":"post-314511","1":"post","2":"type-post","3":"status-publish","4":"format-standard","6":"category-comunidad","7":"category-titulares-del-dia"},"_links":{"self":[{"href":"https:\/\/primermomento.com\/index.php?rest_route=\/wp\/v2\/posts\/314511","targetHints":{"allow":["GET"]}}],"collection":[{"href":"https:\/\/primermomento.com\/index.php?rest_route=\/wp\/v2\/posts"}],"about":[{"href":"https:\/\/primermomento.com\/index.php?rest_route=\/wp\/v2\/types\/post"}],"author":[{"embeddable":true,"href":"https:\/\/primermomento.com\/index.php?rest_route=\/wp\/v2\/users\/1"}],"replies":[{"embeddable":true,"href":"https:\/\/primermomento.com\/index.php?rest_route=%2Fwp%2Fv2%2Fcomments&post=314511"}],"version-history":[{"count":1,"href":"https:\/\/primermomento.com\/index.php?rest_route=\/wp\/v2\/posts\/314511\/revisions"}],"predecessor-version":[{"id":314513,"href":"https:\/\/primermomento.com\/index.php?rest_route=\/wp\/v2\/posts\/314511\/revisions\/314513"}],"wp:attachment":[{"href":"https:\/\/primermomento.com\/index.php?rest_route=%2Fwp%2Fv2%2Fmedia&parent=314511"}],"wp:term":[{"taxonomy":"category","embeddable":true,"href":"https:\/\/primermomento.com\/index.php?rest_route=%2Fwp%2Fv2%2Fcategories&post=314511"},{"taxonomy":"post_tag","embeddable":true,"href":"https:\/\/primermomento.com\/index.php?rest_route=%2Fwp%2Fv2%2Ftags&post=314511"}],"curies":[{"name":"wp","href":"https:\/\/api.w.org\/{rel}","templated":true}]}}