{"id":314517,"date":"2019-01-24T15:34:09","date_gmt":"2019-01-24T19:34:09","guid":{"rendered":"http:\/\/primermomento.com\/?p=314517"},"modified":"2019-01-24T17:46:11","modified_gmt":"2019-01-24T21:46:11","slug":"bani-obispo-emplaza-al-gobierno-a-enfrentar-ola-delictiva","status":"publish","type":"post","link":"https:\/\/primermomento.com\/?p=314517","title":{"rendered":"BAN\u00cd | Obispo emplaza al Gobierno a enfrentar ola delictiva"},"content":{"rendered":"\n<p> BAN\u00cd, Rep\u00fablica Dominicana.- El obispo de la Di\u00f3cesis de aqu\u00ed, monse\u00f1or V\u00edctor Masalles Pere, emplaz\u00f3 al Gobierno nacional a tomar medidas urgentes para enfrentar el crimen organizado que est\u00e1 lacerando a la poblaci\u00f3n de esta provincia.<\/p>\n\n\n\n<figure class=\"wp-block-image\"><img loading=\"lazy\" decoding=\"async\" width=\"1024\" height=\"768\" src=\"http:\/\/primermomento.com\/wp-content\/uploads\/2019\/01\/3d91db0e-4974-42e4-a9aa-0a8fe3a57d9e-1024x768.jpg\" alt=\"\" class=\"wp-image-314518\" srcset=\"https:\/\/primermomento.com\/wp-content\/uploads\/2019\/01\/3d91db0e-4974-42e4-a9aa-0a8fe3a57d9e-1024x768.jpg 1024w, https:\/\/primermomento.com\/wp-content\/uploads\/2019\/01\/3d91db0e-4974-42e4-a9aa-0a8fe3a57d9e-300x225.jpg 300w, https:\/\/primermomento.com\/wp-content\/uploads\/2019\/01\/3d91db0e-4974-42e4-a9aa-0a8fe3a57d9e-768x576.jpg 768w, https:\/\/primermomento.com\/wp-content\/uploads\/2019\/01\/3d91db0e-4974-42e4-a9aa-0a8fe3a57d9e-120x90.jpg 120w, https:\/\/primermomento.com\/wp-content\/uploads\/2019\/01\/3d91db0e-4974-42e4-a9aa-0a8fe3a57d9e-500x375.jpg 500w, https:\/\/primermomento.com\/wp-content\/uploads\/2019\/01\/3d91db0e-4974-42e4-a9aa-0a8fe3a57d9e-280x210.jpg 280w, https:\/\/primermomento.com\/wp-content\/uploads\/2019\/01\/3d91db0e-4974-42e4-a9aa-0a8fe3a57d9e-638x479.jpg 638w, https:\/\/primermomento.com\/wp-content\/uploads\/2019\/01\/3d91db0e-4974-42e4-a9aa-0a8fe3a57d9e-118x89.jpg 118w, https:\/\/primermomento.com\/wp-content\/uploads\/2019\/01\/3d91db0e-4974-42e4-a9aa-0a8fe3a57d9e-479x359.jpg 479w, https:\/\/primermomento.com\/wp-content\/uploads\/2019\/01\/3d91db0e-4974-42e4-a9aa-0a8fe3a57d9e.jpg 1600w\" sizes=\"auto, (max-width: 1024px) 100vw, 1024px\" \/><figcaption>De izquierda a derecha, Carla Ortiz, Anabellys Reyes, Luis De Los Santos, Wilson Pe\u00f1a, Arsenio Ortiz, obispo Masalles Pere, Jos\u00e9 Dic\u00e9n, Marino Ortiz y Fausto Soto.<\/figcaption><\/figure>\n\n\n\n<p>Al mismo tiempo, Massalles Pere plante\u00f3 soluciones a corto, mediano y largo plazo como limitar el horario nocturno de los negocios de ventas de bebidas alcoh\u00f3licas y restringir la libre circulaci\u00f3n de motocicletas en las calles de la ciudad, una especie de \u00abtoque de queda\u00bb.<\/p>\n\n\n\n<p>\u00abLo que quiero decir es que se necesita un cierto control para reducir la delincuencia y el crimen\u00bb, sostuvo el obispo poniendo como ejemplos grandes ciudades estadounidenses que ha impuesto restricciones al consumo de licores y la contaminaci\u00f3n s\u00f3nica.<\/p>\n\n\n\n<p>-Es el derecho a ser respetado -acot\u00f3 el monse\u00f1or V\u00edctor Masalles Pere, en su exposici\u00f3n ante un encuentro de la sociedad civil de la sociedad banileja, auspiciada por el Grupo de Comunicaciones Ortiz Ruiz, periodistas y comunicadores de los medios Tr\u00e9bol Cable e Intercable <\/p>\n\n\n\n<p>\u201cNo se debe permitir que los llamados drinks o negocios de ventas de bebidas alcoh\u00f3licas perturben la tranquilidad y el descanso de la gente que trabaja y estudia\u201d, indic\u00f3 Masalles Pere, citando a su vez el ruido de su m\u00fasica y bocinas de esos lugares.<\/p>\n\n\n\n<p>Representantes de organizaciones comunitarias, juntas de vecinos, iglesias protestantes, gremios profesionales, comerciantes y otros sectores vivos de la provincia, se congregaron en el Casino de Peravia.<\/p>\n\n\n\n<p>-Ban\u00ed ha venido creando una mala imagen de un pueblo que a trav\u00e9s de la historia ha sido reconocido como trabajador -subray\u00f3 el prelado cat\u00f3lico en su intervenci\u00f3n.<\/p>\n\n\n\n<p>Dijo que las autoridades nacionales son las responsables de la paz y la tranquilidad de los ciudadanos, y est\u00e1n obligadas a buscar soluciones a corto y largo plazo a dichos problemas sociales.<\/p>\n\n\n\n<p>El Gobierno debe tomar en cuenta los \u00faltimos actos de violencia, que culminaron con la muerte a tiros del coronel de la Polic\u00eda Nacional Daniel Ramos \u00c1lvarez, frente a un punto de drogas en el barrio Santa Cruz, el 8 de este mes, expres\u00f3 Masalles Pere.<\/p>\n\n\n\n<p>Al introducir sobre las motivaciones sobre la convocatoria del encuentro, el ingeniero Arsenio Ortiz, presidente del Grupo de Comunicaciones Ortiz Ruiz, asegur\u00f3 que las autoridades dominicanas han fracasado en el combate al narcotr\u00e1fico, el crimen organizado, la delincuencia y la inseguridad ciudadana. Por lo tanto, exigi\u00f3 la implementaci\u00f3n de medidas urgentes para recuperar la tranquilidad que en el pasado caracteriz\u00f3 al municipio de Ban\u00ed y toda la provincia Peravia.<\/p>\n\n\n\n<p style=\"text-align:right\">Primer Momento<\/p>\n","protected":false},"excerpt":{"rendered":"<p>BAN\u00cd, Rep\u00fablica Dominicana.- El obispo de la Di\u00f3cesis de aqu\u00ed, monse\u00f1or V\u00edctor Masalles Pere, emplaz\u00f3 al Gobierno nacional a tomar medidas urgentes para enfrentar el crimen organizado que est\u00e1 lacerando a la poblaci\u00f3n de esta provincia. Al mismo tiempo, Massalles Pere plante\u00f3 soluciones a corto, mediano y largo plazo como limitar el horario nocturno de [&hellip;]<\/p>\n","protected":false},"author":1,"featured_media":0,"comment_status":"open","ping_status":"open","sticky":false,"template":"","format":"standard","meta":{"_bbp_topic_count":0,"_bbp_reply_count":0,"_bbp_total_topic_count":0,"_bbp_total_reply_count":0,"_bbp_voice_count":0,"_bbp_anonymous_reply_count":0,"_bbp_topic_count_hidden":0,"_bbp_reply_count_hidden":0,"_bbp_forum_subforum_count":0,"footnotes":""},"categories":[30,60],"tags":[],"class_list":{"0":"post-314517","1":"post","2":"type-post","3":"status-publish","4":"format-standard","6":"category-actualidad","7":"category-titulares-del-dia"},"_links":{"self":[{"href":"https:\/\/primermomento.com\/index.php?rest_route=\/wp\/v2\/posts\/314517","targetHints":{"allow":["GET"]}}],"collection":[{"href":"https:\/\/primermomento.com\/index.php?rest_route=\/wp\/v2\/posts"}],"about":[{"href":"https:\/\/primermomento.com\/index.php?rest_route=\/wp\/v2\/types\/post"}],"author":[{"embeddable":true,"href":"https:\/\/primermomento.com\/index.php?rest_route=\/wp\/v2\/users\/1"}],"replies":[{"embeddable":true,"href":"https:\/\/primermomento.com\/index.php?rest_route=%2Fwp%2Fv2%2Fcomments&post=314517"}],"version-history":[{"count":2,"href":"https:\/\/primermomento.com\/index.php?rest_route=\/wp\/v2\/posts\/314517\/revisions"}],"predecessor-version":[{"id":314526,"href":"https:\/\/primermomento.com\/index.php?rest_route=\/wp\/v2\/posts\/314517\/revisions\/314526"}],"wp:attachment":[{"href":"https:\/\/primermomento.com\/index.php?rest_route=%2Fwp%2Fv2%2Fmedia&parent=314517"}],"wp:term":[{"taxonomy":"category","embeddable":true,"href":"https:\/\/primermomento.com\/index.php?rest_route=%2Fwp%2Fv2%2Fcategories&post=314517"},{"taxonomy":"post_tag","embeddable":true,"href":"https:\/\/primermomento.com\/index.php?rest_route=%2Fwp%2Fv2%2Ftags&post=314517"}],"curies":[{"name":"wp","href":"https:\/\/api.w.org\/{rel}","templated":true}]}}