{"id":314527,"date":"2019-01-24T18:27:47","date_gmt":"2019-01-24T22:27:47","guid":{"rendered":"http:\/\/primermomento.com\/?p=314527"},"modified":"2019-01-24T18:34:42","modified_gmt":"2019-01-24T22:34:42","slug":"bani-obispo-sale-en-defensa-de-la-provincia","status":"publish","type":"post","link":"https:\/\/primermomento.com\/?p=314527","title":{"rendered":"BAN\u00cd | Obispo sale en defensa de la provincia Peravia"},"content":{"rendered":"\n<p> BAN\u00cd, Rep\u00fablica Dominicana.- El monse\u00f1or V\u00edctor Masalles Pere, de la Di\u00f3cesis de aqu\u00ed, manifest\u00f3 su preocupaci\u00f3n por las ventas de drogas en las calles de la ciudad como si fueran man\u00ed, papas o medicinas.<\/p>\n\n\n\n<figure class=\"wp-block-image\"><img loading=\"lazy\" decoding=\"async\" width=\"640\" height=\"480\" src=\"http:\/\/primermomento.com\/wp-content\/uploads\/2019\/01\/IMG_7676.jpg\" alt=\"\" class=\"wp-image-314528\" srcset=\"https:\/\/primermomento.com\/wp-content\/uploads\/2019\/01\/IMG_7676.jpg 640w, https:\/\/primermomento.com\/wp-content\/uploads\/2019\/01\/IMG_7676-300x225.jpg 300w, https:\/\/primermomento.com\/wp-content\/uploads\/2019\/01\/IMG_7676-120x90.jpg 120w, https:\/\/primermomento.com\/wp-content\/uploads\/2019\/01\/IMG_7676-500x375.jpg 500w, https:\/\/primermomento.com\/wp-content\/uploads\/2019\/01\/IMG_7676-280x210.jpg 280w, https:\/\/primermomento.com\/wp-content\/uploads\/2019\/01\/IMG_7676-638x479.jpg 638w, https:\/\/primermomento.com\/wp-content\/uploads\/2019\/01\/IMG_7676-118x89.jpg 118w, https:\/\/primermomento.com\/wp-content\/uploads\/2019\/01\/IMG_7676-479x359.jpg 479w\" sizes=\"auto, (max-width: 640px) 100vw, 640px\" \/><figcaption>Monse\u00f1or V\u00edctor Masalles Pere. FOTO | Primer Momento<\/figcaption><\/figure>\n\n\n\n<p>Pese a ese cuadro, Massalles Pere le dijo al Gobierno central y a las autoridades locales que la sociedad banileja est\u00e1 de pie, dando un paso para defender el derecho de poder circular en las calles sin el temor de ser atracado por delincuentes inescrupulosos.<\/p>\n\n\n\n<p>En la conferencia de prensa, convocada este jueves en en sal\u00f3n Padres Scarboros del centro parroquial, frente al parque central, acompa\u00f1aron al obispo Masalles Pere los presidentes de la C\u00e1mara de Comercio y Producci\u00f3n y la Uni\u00f3n de Comerciantes de la provincia Peravia, Salom\u00f3n Rodr\u00edguez y Ram\u00f3n de los Santos, respectivamente.<\/p>\n\n\n\n<p>Al leer el comunicado, monse\u00f1or Masalles Pere destac\u00f3 que el pueblo banilejo se caracteriza por ser limpio, honesto y trabajador, pero se quej\u00f3 del brote de delincuencia que ha azotado la ciudad en los \u00faltimos a\u00f1os. \u00abLos acontecimientos de violencia ocurridos recientemente en Ban\u00ed han provocado la indignaci\u00f3n de toda la ciudadan\u00eda\u00bb.<\/p>\n\n\n\n<p>Sostuvo que tales hechos han servido para fomentar una imagen negativa de la provincia, y cuyo descr\u00e9dito se ha expandido a nivel nacional e internacional. <\/p>\n\n\n\n<p>-Esto ha creado un clima de desconfianza e inseguridad en los moradores y visitantes de esta ciudad, y acciones como \u00e9stas desestimulan las inversiones en los sectores productivos de Peravia -subray\u00f3 monse\u00f1or V\u00edctor Masalles Pere.<\/p>\n\n\n\n<p>Argument\u00f3 \u00abes por esta raz\u00f3n que las organizaciones e instituciones de la provincia Peravia, han decidido dar un paso al frente para recordar a las autoridades el rol que deben jugar, si es que queremos devolver a Ban\u00ed el sitial que se ha ganado con mucho sudor y esfuerzo\u00bb, e inst\u00f3 a levantar la voz ante estos hechos desagradables, que causan intranquilidad.<\/p>\n\n\n\n<p>Sostuvo que no van a permitir que la provincia quede en manos de unos pocos delincuentes, narcotraficantes y antisociales, bajo la indiferencia de las autoridades.<\/p>\n\n\n\n<p>-Estamos viendo como se habla de drogas y corrupci\u00f3n en los medios, pero hasta ahora, nadie ha salido a decir lo que verdaderamente siente y cree el pueblo serio de Ban\u00ed. No sabemos qui\u00e9n es qui\u00e9n, y se ha perdido la confianza en la justicia, y sobre todo, en las autoridades que son las responsables \u00faltimas encargadas de mantener el orden y la tranquilidad en la sociedad -precis\u00f3 el prelado cat\u00f3lico.<\/p>\n\n\n\n<p>Al obispo le preocupa, profundamente, que se perciba que la delincuencia y las drogas les quedan grandes a polic\u00edas, fiscales y jueces, porque -entiende- son patrocinadas por quienes deber\u00edan combatirlas. \u00abEl pueblo tiene la sensaci\u00f3n de que a la justicia se le ha escapado de control el orden p\u00fablico\u00bb.<\/p>\n\n\n\n<p>-Me preocupa tambi\u00e9n el mal ejemplo que todo esto ofrece a nuestra juventud, a la que con esto se le brindan oportunidades de hacer dinero r\u00e1pido a costa de da\u00f1ar el bienestar de los dem\u00e1s, ultrajando el car\u00e1cter sagrado de nuestro pueblo -expres\u00f3 el l\u00edder religioso.<\/p>\n\n\n\n<p>Se\u00f1al\u00f3 que ese escenario conlleva a que los j\u00f3venes y adolescentes caigan atrapados en vicios que s\u00f3lo les traer\u00e1n muerte y destrucci\u00f3n, y beneficios a los malhechores y a sus c\u00f3mplices.<\/p>\n\n\n\n<p>\u00abBan\u00ed sigue siendo un pueblo de personas laboriosas, honestas, profesionales, comerciantes, que aportan de manera significativa al desarrollo del pa\u00eds\u00bb, puntualiz\u00f3.<\/p>\n\n\n\n<p>En una parte del comunicado, monse\u00f1or V\u00edctor Masalles Pere hace un llamamiento a las autoridades a que acojan propuestas concretas para salvar a Ban\u00ed de las drogas y la corrupci\u00f3n. <\/p>\n\n\n\n<p>\u00abBan\u00ed sigue siendo una familia\u00bb, finaliz\u00f3 diciendo el m\u00e1ximo representante del Obispado de esta ciudad.<\/p>\n\n\n\n<p style=\"text-align:right\">Primer Momento<\/p>\n","protected":false},"excerpt":{"rendered":"<p>BAN\u00cd, Rep\u00fablica Dominicana.- El monse\u00f1or V\u00edctor Masalles Pere, de la Di\u00f3cesis de aqu\u00ed, manifest\u00f3 su preocupaci\u00f3n por las ventas de drogas en las calles de la ciudad como si fueran man\u00ed, papas o medicinas. Pese a ese cuadro, Massalles Pere le dijo al Gobierno central y a las autoridades locales que la sociedad banileja est\u00e1 [&hellip;]<\/p>\n","protected":false},"author":1,"featured_media":0,"comment_status":"open","ping_status":"open","sticky":false,"template":"","format":"standard","meta":{"_bbp_topic_count":0,"_bbp_reply_count":0,"_bbp_total_topic_count":0,"_bbp_total_reply_count":0,"_bbp_voice_count":0,"_bbp_anonymous_reply_count":0,"_bbp_topic_count_hidden":0,"_bbp_reply_count_hidden":0,"_bbp_forum_subforum_count":0,"footnotes":""},"categories":[30,60],"tags":[],"class_list":{"0":"post-314527","1":"post","2":"type-post","3":"status-publish","4":"format-standard","6":"category-actualidad","7":"category-titulares-del-dia"},"_links":{"self":[{"href":"https:\/\/primermomento.com\/index.php?rest_route=\/wp\/v2\/posts\/314527","targetHints":{"allow":["GET"]}}],"collection":[{"href":"https:\/\/primermomento.com\/index.php?rest_route=\/wp\/v2\/posts"}],"about":[{"href":"https:\/\/primermomento.com\/index.php?rest_route=\/wp\/v2\/types\/post"}],"author":[{"embeddable":true,"href":"https:\/\/primermomento.com\/index.php?rest_route=\/wp\/v2\/users\/1"}],"replies":[{"embeddable":true,"href":"https:\/\/primermomento.com\/index.php?rest_route=%2Fwp%2Fv2%2Fcomments&post=314527"}],"version-history":[{"count":7,"href":"https:\/\/primermomento.com\/index.php?rest_route=\/wp\/v2\/posts\/314527\/revisions"}],"predecessor-version":[{"id":314537,"href":"https:\/\/primermomento.com\/index.php?rest_route=\/wp\/v2\/posts\/314527\/revisions\/314537"}],"wp:attachment":[{"href":"https:\/\/primermomento.com\/index.php?rest_route=%2Fwp%2Fv2%2Fmedia&parent=314527"}],"wp:term":[{"taxonomy":"category","embeddable":true,"href":"https:\/\/primermomento.com\/index.php?rest_route=%2Fwp%2Fv2%2Fcategories&post=314527"},{"taxonomy":"post_tag","embeddable":true,"href":"https:\/\/primermomento.com\/index.php?rest_route=%2Fwp%2Fv2%2Ftags&post=314527"}],"curies":[{"name":"wp","href":"https:\/\/api.w.org\/{rel}","templated":true}]}}