{"id":314538,"date":"2019-01-24T19:54:39","date_gmt":"2019-01-24T23:54:39","guid":{"rendered":"http:\/\/primermomento.com\/?p=314538"},"modified":"2019-01-24T19:54:41","modified_gmt":"2019-01-24T23:54:41","slug":"bani-diputado-julito-fulcar-pide-interpelar-al-jefe-de-la-pn","status":"publish","type":"post","link":"https:\/\/primermomento.com\/?p=314538","title":{"rendered":"BAN\u00cd | Diputado Julito Fulcar pide interpelar al jefe de la PN"},"content":{"rendered":"\n<p>SANTO DOMINGO, Rep\u00fablica Dominicana.- El diputado del Partido Revolucionario Moderno (PRM) por la provincia Peravia, Julito Fulcar, pidi\u00f3 este jueves al presidente de la C\u00e1mara de Diputados interpelar al jefe de la Polic\u00eda Nacional, general Ney Aldr\u00edn Bautista Almonte, para que explique los \u00faltimos hechos criminales y violentos acaecidos en el municipio de Ban\u00ed.<\/p>\n\n\n\n<figure class=\"wp-block-image\"><img loading=\"lazy\" decoding=\"async\" width=\"719\" height=\"464\" src=\"http:\/\/primermomento.com\/wp-content\/uploads\/2019\/01\/Julito-Fulcar-interpelar-PN.jpg\" alt=\"\" class=\"wp-image-314539\" srcset=\"https:\/\/primermomento.com\/wp-content\/uploads\/2019\/01\/Julito-Fulcar-interpelar-PN.jpg 719w, https:\/\/primermomento.com\/wp-content\/uploads\/2019\/01\/Julito-Fulcar-interpelar-PN-300x194.jpg 300w, https:\/\/primermomento.com\/wp-content\/uploads\/2019\/01\/Julito-Fulcar-interpelar-PN-500x323.jpg 500w, https:\/\/primermomento.com\/wp-content\/uploads\/2019\/01\/Julito-Fulcar-interpelar-PN-280x181.jpg 280w, https:\/\/primermomento.com\/wp-content\/uploads\/2019\/01\/Julito-Fulcar-interpelar-PN-60x40.jpg 60w, https:\/\/primermomento.com\/wp-content\/uploads\/2019\/01\/Julito-Fulcar-interpelar-PN-638x412.jpg 638w, https:\/\/primermomento.com\/wp-content\/uploads\/2019\/01\/Julito-Fulcar-interpelar-PN-118x76.jpg 118w, https:\/\/primermomento.com\/wp-content\/uploads\/2019\/01\/Julito-Fulcar-interpelar-PN-479x309.jpg 479w, https:\/\/primermomento.com\/wp-content\/uploads\/2019\/01\/Julito-Fulcar-interpelar-PN-153x100.jpg 153w\" sizes=\"auto, (max-width: 719px) 100vw, 719px\" \/><figcaption>  Julito Fulcar <\/figcaption><\/figure>\n\n\n\n<p>\u00abQueremos que el tema llegue hasta el fondo, que se investigue los verdaderos responsables de las cosas que han estado ocurriendo y propongo que esta C\u00e1mara interpele al director general de la Polic\u00eda; que venga a este hemiciclo a dar una explicaci\u00f3n convincente de los hechos que ocurrieron -en referencia al homicidio del coronel Daniel Ramos \u00c1lvarez- en un supuesto punto de drogas, y de c\u00f3mo vamos a controlar y a llevar la tranquilidad a la provincia Peravia\u00bb, expres\u00f3 Fulcar en la C\u00e1mara baja.<\/p>\n\n\n\n<p>El coronel Ramos \u00c1lvarez cay\u00f3 abatido a tiros en un supuesto punto de drogas cuando presuntamente se dispon\u00eda a realizar una supervisi\u00f3n, acompa\u00f1ado de dos oficiales policiales que huyeron del lugar y lo dejaron abandonado despu\u00e9s de ser mortalmente herido.<\/p>\n\n\n\n<p>Sobre este particular, Fulcar expres\u00f3 que \u00abcomo maestro tengo el conocimiento de que lo que yo inspecciono es lo que yo dirijo; si yo no dirijo algo, no tengo por qu\u00e9 ir a inspeccionar\u00bb.<\/p>\n\n\n\n<p>Al momento de su muerte, Ramos \u00c1lvarez se desempe\u00f1aba como director de la Polic\u00eda Preventiva en Ban\u00ed, no de la Direcci\u00f3n Antinarc\u00f3ticos (Dican) de la PN.<\/p>\n\n\n\n<p>Fulcar lament\u00f3 que la provincia Peravia, y en especial Ban\u00ed, sea destacada por los casos de narcotr\u00e1fico, criminalidad y delincuencia.<\/p>\n\n\n\n<p>\u00abLa banileja es una sociedad trabajadora, de comerciantes, de agricultores, de profesionales y de comunidades autogestionarias que han logrado niveles de desarrollo y de humanizaci\u00f3n a partir de su propio esfuerzo\u00bb, dijo el diputado al tiempo de recordar los aportes que hace a la econom\u00eda local la di\u00e1spora banileja.<\/p>\n\n\n\n<p>Reconoci\u00f3 que el homicidio del coronel ha revelado que una parte de la sociedad est\u00e1 maleada, pero que tambi\u00e9n \u00abel narcotr\u00e1fico ha permeado sectores importantes de la sociedad\u00bb.<\/p>\n","protected":false},"excerpt":{"rendered":"<p>SANTO DOMINGO, Rep\u00fablica Dominicana.- El diputado del Partido Revolucionario Moderno (PRM) por la provincia Peravia, Julito Fulcar, pidi\u00f3 este jueves al presidente de la C\u00e1mara de Diputados interpelar al jefe de la Polic\u00eda Nacional, general Ney Aldr\u00edn Bautista Almonte, para que explique los \u00faltimos hechos criminales y violentos acaecidos en el municipio de Ban\u00ed. \u00abQueremos [&hellip;]<\/p>\n","protected":false},"author":1,"featured_media":0,"comment_status":"open","ping_status":"open","sticky":false,"template":"","format":"standard","meta":{"_bbp_topic_count":0,"_bbp_reply_count":0,"_bbp_total_topic_count":0,"_bbp_total_reply_count":0,"_bbp_voice_count":0,"_bbp_anonymous_reply_count":0,"_bbp_topic_count_hidden":0,"_bbp_reply_count_hidden":0,"_bbp_forum_subforum_count":0,"footnotes":""},"categories":[60,32],"tags":[],"class_list":{"0":"post-314538","1":"post","2":"type-post","3":"status-publish","4":"format-standard","6":"category-titulares-del-dia","7":"category-lo-ultimo"},"_links":{"self":[{"href":"https:\/\/primermomento.com\/index.php?rest_route=\/wp\/v2\/posts\/314538","targetHints":{"allow":["GET"]}}],"collection":[{"href":"https:\/\/primermomento.com\/index.php?rest_route=\/wp\/v2\/posts"}],"about":[{"href":"https:\/\/primermomento.com\/index.php?rest_route=\/wp\/v2\/types\/post"}],"author":[{"embeddable":true,"href":"https:\/\/primermomento.com\/index.php?rest_route=\/wp\/v2\/users\/1"}],"replies":[{"embeddable":true,"href":"https:\/\/primermomento.com\/index.php?rest_route=%2Fwp%2Fv2%2Fcomments&post=314538"}],"version-history":[{"count":1,"href":"https:\/\/primermomento.com\/index.php?rest_route=\/wp\/v2\/posts\/314538\/revisions"}],"predecessor-version":[{"id":314540,"href":"https:\/\/primermomento.com\/index.php?rest_route=\/wp\/v2\/posts\/314538\/revisions\/314540"}],"wp:attachment":[{"href":"https:\/\/primermomento.com\/index.php?rest_route=%2Fwp%2Fv2%2Fmedia&parent=314538"}],"wp:term":[{"taxonomy":"category","embeddable":true,"href":"https:\/\/primermomento.com\/index.php?rest_route=%2Fwp%2Fv2%2Fcategories&post=314538"},{"taxonomy":"post_tag","embeddable":true,"href":"https:\/\/primermomento.com\/index.php?rest_route=%2Fwp%2Fv2%2Ftags&post=314538"}],"curies":[{"name":"wp","href":"https:\/\/api.w.org\/{rel}","templated":true}]}}