{"id":314541,"date":"2019-01-24T20:12:17","date_gmt":"2019-01-25T00:12:17","guid":{"rendered":"http:\/\/primermomento.com\/?p=314541"},"modified":"2019-01-24T20:12:19","modified_gmt":"2019-01-25T00:12:19","slug":"bani-alcaldia-empezo-a-eliminar-contenedores-de-basura","status":"publish","type":"post","link":"https:\/\/primermomento.com\/?p=314541","title":{"rendered":"BAN\u00cd | Alcald\u00eda empez\u00f3 a eliminar contenedores de basura"},"content":{"rendered":"\n<p> BAN\u00cd, Rep\u00fablica Dominicana.- Como una forma de buscar soluci\u00f3n al destino final de los residuos s\u00f3lidos en el municipio de Ban\u00ed y dar una r\u00e1pida respuesta al clamor de la poblaci\u00f3n en cuanto a la basura, el Ayuntamiento Municipal de Ban\u00ed -a trav\u00e9s del departamento Ornato y Limpieza-, ha iniciado este jueves el retiro de contenedores para eliminar de una vez por todas el sistema italiano el cual lleg\u00f3 a su etapa final, inform\u00f3 la Oficina de Relaciones P\u00fablicas.<\/p>\n\n\n\n<figure class=\"wp-block-image\"><img loading=\"lazy\" decoding=\"async\" width=\"960\" height=\"601\" src=\"http:\/\/primermomento.com\/wp-content\/uploads\/2019\/01\/contenedores-de-basura.jpg\" alt=\"\" class=\"wp-image-314542\" srcset=\"https:\/\/primermomento.com\/wp-content\/uploads\/2019\/01\/contenedores-de-basura.jpg 960w, https:\/\/primermomento.com\/wp-content\/uploads\/2019\/01\/contenedores-de-basura-300x188.jpg 300w, https:\/\/primermomento.com\/wp-content\/uploads\/2019\/01\/contenedores-de-basura-768x481.jpg 768w, https:\/\/primermomento.com\/wp-content\/uploads\/2019\/01\/contenedores-de-basura-500x313.jpg 500w, https:\/\/primermomento.com\/wp-content\/uploads\/2019\/01\/contenedores-de-basura-280x175.jpg 280w, https:\/\/primermomento.com\/wp-content\/uploads\/2019\/01\/contenedores-de-basura-638x399.jpg 638w, https:\/\/primermomento.com\/wp-content\/uploads\/2019\/01\/contenedores-de-basura-118x74.jpg 118w, https:\/\/primermomento.com\/wp-content\/uploads\/2019\/01\/contenedores-de-basura-479x300.jpg 479w\" sizes=\"auto, (max-width: 960px) 100vw, 960px\" \/><\/figure>\n\n\n\n<p>Los lugares intervenidos, hasta el momento, son las calles 16 de Agosto con Mella, Uladislao Guerrero, Nicol\u00e1s Heredia, frente al colegio Las Monjas en la calle Duarte, Fabio Herrera, Restauraci\u00f3n, Joaqu\u00edn Inch\u00e1ustegui en el colmado Mercedita, Canela Mota y Beller. <\/p>\n\n\n\n<p>Unidades del cuerpo de bomberos acompa\u00f1an este operativo de desinstalaci\u00f3n de zafacones, e higienizaci\u00f3n en los espacios donde se necesita usar el agua a presi\u00f3n, agreg\u00f3 el reporte.<\/p>\n\n\n\n<p>Carlos Gonz\u00e1lez (Calin) encargado de dicho departamento, tras considerar que los mun\u00edcipes no le han dado un buen uso a los contenedores, lanzando todo tipo de sustancias nocivas, entre estos animales muertos, restos de carnes y materiales de construcci\u00f3n, que alteran la salud medioambiental, el alcalde Nelson Camilo Landestoy se ha visto obligado realizar el cambio del sistema italiano por el americano.<\/p>\n\n\n\n<p>En torno al casco urbano, se dijo que desde la calle Cambronal hasta Las Mercedes y Canela Mota hasta la Fernando Deligne, zonas donde tambi\u00e9n fueron descartados los embases para el alojo de desechos a base de metal.<\/p>\n\n\n\n<p>El informe agrega que se establecer\u00e1 una ruta diaria para la recogida de basura, pero en el caso de los residenciales como Costa Sur, Margarita, El Laurel, BHD y otros, el procedimiento no ser\u00e1 el mismo. No habr\u00eda contenedores y el itinerario ser\u00e1 distinto.<\/p>\n\n\n\n<p>Ornato y Limpieza exhort\u00f3 a la poblaci\u00f3n a no desesperarse y esperar que los camiones colectores pasen a recoger los residuos por sus hogares y al mismo tiempo inst\u00f3 a colaborar con el aseo de la ciudad, tomando m\u00e1s conciencia sobre c\u00f3mo y d\u00f3nde lanzan los desperdicios.<\/p>\n\n\n\n<p>Este viernes a las 10 am, en el departamento de Transportaci\u00f3n dar\u00e1n a conocer los horarios y d\u00edas que los camiones recolectores de basura pasar\u00e1n por cada sector y comunidad. <\/p>\n\n\n\n<p>La Alcald\u00eda de Ban\u00ed advirti\u00f3 que someter\u00eda a la acci\u00f3n de la justicia a quienes violenten esta ordenanza municipal.<\/p>\n\n\n\n<p style=\"text-align:right\">Primer Momento<\/p>\n","protected":false},"excerpt":{"rendered":"<p>BAN\u00cd, Rep\u00fablica Dominicana.- Como una forma de buscar soluci\u00f3n al destino final de los residuos s\u00f3lidos en el municipio de Ban\u00ed y dar una r\u00e1pida respuesta al clamor de la poblaci\u00f3n en cuanto a la basura, el Ayuntamiento Municipal de Ban\u00ed -a trav\u00e9s del departamento Ornato y Limpieza-, ha iniciado este jueves el retiro de [&hellip;]<\/p>\n","protected":false},"author":1,"featured_media":0,"comment_status":"open","ping_status":"open","sticky":false,"template":"","format":"standard","meta":{"_bbp_topic_count":0,"_bbp_reply_count":0,"_bbp_total_topic_count":0,"_bbp_total_reply_count":0,"_bbp_voice_count":0,"_bbp_anonymous_reply_count":0,"_bbp_topic_count_hidden":0,"_bbp_reply_count_hidden":0,"_bbp_forum_subforum_count":0,"footnotes":""},"categories":[60,32],"tags":[],"class_list":{"0":"post-314541","1":"post","2":"type-post","3":"status-publish","4":"format-standard","6":"category-titulares-del-dia","7":"category-lo-ultimo"},"_links":{"self":[{"href":"https:\/\/primermomento.com\/index.php?rest_route=\/wp\/v2\/posts\/314541","targetHints":{"allow":["GET"]}}],"collection":[{"href":"https:\/\/primermomento.com\/index.php?rest_route=\/wp\/v2\/posts"}],"about":[{"href":"https:\/\/primermomento.com\/index.php?rest_route=\/wp\/v2\/types\/post"}],"author":[{"embeddable":true,"href":"https:\/\/primermomento.com\/index.php?rest_route=\/wp\/v2\/users\/1"}],"replies":[{"embeddable":true,"href":"https:\/\/primermomento.com\/index.php?rest_route=%2Fwp%2Fv2%2Fcomments&post=314541"}],"version-history":[{"count":1,"href":"https:\/\/primermomento.com\/index.php?rest_route=\/wp\/v2\/posts\/314541\/revisions"}],"predecessor-version":[{"id":314543,"href":"https:\/\/primermomento.com\/index.php?rest_route=\/wp\/v2\/posts\/314541\/revisions\/314543"}],"wp:attachment":[{"href":"https:\/\/primermomento.com\/index.php?rest_route=%2Fwp%2Fv2%2Fmedia&parent=314541"}],"wp:term":[{"taxonomy":"category","embeddable":true,"href":"https:\/\/primermomento.com\/index.php?rest_route=%2Fwp%2Fv2%2Fcategories&post=314541"},{"taxonomy":"post_tag","embeddable":true,"href":"https:\/\/primermomento.com\/index.php?rest_route=%2Fwp%2Fv2%2Ftags&post=314541"}],"curies":[{"name":"wp","href":"https:\/\/api.w.org\/{rel}","templated":true}]}}