{"id":314552,"date":"2019-01-24T04:46:51","date_gmt":"2019-01-24T08:46:51","guid":{"rendered":"http:\/\/primermomento.com\/?p=314552"},"modified":"2019-01-24T22:13:22","modified_gmt":"2019-01-25T02:13:22","slug":"no-apoyemos-la-dictadura-venezolana","status":"publish","type":"post","link":"https:\/\/primermomento.com\/?p=314552","title":{"rendered":"No apoyemos la dictadura venezolana"},"content":{"rendered":"\n<p><em>\u201cAh\u00ed donde terminan las elecciones libres empieza la tiran\u00eda\u201d<\/em><br> Tom Paine<\/p>\n\n\n\n<p>Es necesario que la Republica Dominicana, al asumir en enero pr\u00f3ximo un asiento en el Consejo de Seguridad de las Naciones Unidas, aplique una pol\u00edtica de respaldo a las nuevas iniciativas diplom\u00e1ticas que de seguro ser\u00e1n encabezadas por los Estados Unidos, la Uni\u00f3n Europea y los pa\u00edses del grupo Lima para establecer la democracia en Venezuela y aislar a la dictadura de Maduro. Danilo Medina y su gobierno no deben respaldar m\u00e1s al r\u00e9gimen venezolano en foros internacionales como lo hizo en el pasado. Eso es jugar sucio a las naciones democr\u00e1ticas.<\/p>\n\n\n\n<p>Hay situaciones sociopol\u00edticas y socioecon\u00f3micas, vividas por algunas naciones en el mando, que se desenvuelven en un circulo vicioso. Uno de esos ejemplos lo constituye el hermano pa\u00eds de la Republica bolivariana de Venezuela. Este pueblo se encuentra hoy gobernado por la dictadura del presidente Nicolas Maduro. Debido a las practicas dictatoriales, absolutistas y antidemocr\u00e1ticas del r\u00e9gimen de \u201cinspiraci\u00f3n chavista\u201d, encabezado por Maduro, con asesor\u00eda y respaldo de la dictadura cubana de los hermanos Castro: Ra\u00fal y Fidel, maquillada hoy d\u00eda con la presidencia de Diaz-Canel.<\/p>\n\n\n\n<div class=\"wp-block-image\"><figure class=\"alignleft\"><img loading=\"lazy\" decoding=\"async\" width=\"276\" height=\"298\" src=\"http:\/\/primermomento.com\/wp-content\/uploads\/2016\/05\/Eugenio-Ortiz-Soto.jpg\" alt=\"\" class=\"wp-image-275344\" srcset=\"https:\/\/primermomento.com\/wp-content\/uploads\/2016\/05\/Eugenio-Ortiz-Soto.jpg 276w, https:\/\/primermomento.com\/wp-content\/uploads\/2016\/05\/Eugenio-Ortiz-Soto-204x220.jpg 204w, https:\/\/primermomento.com\/wp-content\/uploads\/2016\/05\/Eugenio-Ortiz-Soto-118x127.jpg 118w\" sizes=\"auto, (max-width: 276px) 100vw, 276px\" \/><\/figure><\/div>\n\n\n\n<p>Por todo esto y este tremendo desastre econ\u00f3mico, pol\u00edtico y social que est\u00e1 viviendo Venezuela hoy d\u00eda, ha sido bautizado como \u201cCubazuela\u201d. Esto no solo por las pr\u00e1cticas antidemocr\u00e1ticas del r\u00e9gimen que aplica las fracasadas recetas de contenido filo-marxista del llamado \u201csocialismo del siglo XXI\u201d. La crisis econ\u00f3mica de Venezuela ha provocado un \u00e9xodo de venezolanos por todo el mundo. Ya suman millones. Este \u00e9xodo masivo, solo es comparable con el \u201c\u00e9xodo del Mariel\u201d en el cual los cubanos se lanzaron al mar escapando as\u00ed, rumbo a los Estados Unidos, de las garras de la oprobiosa dictadura de Fidel Castro. Este \u00e9xodo fue hace unas d\u00e9cadas, cuando todav\u00eda en Venezuela hab\u00eda bonanza econ\u00f3mica, libertades p\u00fablicas, separaci\u00f3n de los poderes del Estado, pluralismo pol\u00edtico, libertad de prensa y de expresi\u00f3n de las ideas, libertad de empresa y respeto a la propiedad privada y la inversi\u00f3n extranjera, en especial no hab\u00eda presos pol\u00edticos, represi\u00f3n a la oposici\u00f3n y fraudes electorales.<\/p>\n\n\n\n<p>Todas estas cosas deben ser enfrentadas por la comunidad internacional, denunciando, aislando y castigando al r\u00e9gimen de Nicolas Maduro. Hoy al escribir estas l\u00edneas, 10 de diciembre del 2018, Venezuela es una mancha negra mundo de los derechos humanos. <\/p>\n\n\n\n<p>Al momento de digitar estas l\u00edneas, la Republica Dominicana no se hab\u00eda unido al Grupo de Lima, tengo que ver para creer en ese sentido. El falso teatro y arrepentimiento de Danilo Medina y su canciller Miguel Vargas, socio de Maduro todo este tiempo, es una mancha indeleble y negra. Su teatro es tard\u00edo, el da\u00f1o est\u00e1 hecho.<\/p>\n\n\n\n<p style=\"text-align:right\">Eugenio Ortiz Soto<\/p>\n\n\n\n<p style=\"text-align:right\"><em>Articulista<\/em><br><br><\/p>\n","protected":false},"excerpt":{"rendered":"<p>\u201cAh\u00ed donde terminan las elecciones libres empieza la tiran\u00eda\u201d Tom Paine Es necesario que la Republica Dominicana, al asumir en enero pr\u00f3ximo un asiento en el Consejo de Seguridad de las Naciones Unidas, aplique una pol\u00edtica de respaldo a las nuevas iniciativas diplom\u00e1ticas que de seguro ser\u00e1n encabezadas por los Estados Unidos, la Uni\u00f3n Europea [&hellip;]<\/p>\n","protected":false},"author":1,"featured_media":0,"comment_status":"open","ping_status":"open","sticky":false,"template":"","format":"standard","meta":{"_bbp_topic_count":0,"_bbp_reply_count":0,"_bbp_total_topic_count":0,"_bbp_total_reply_count":0,"_bbp_voice_count":0,"_bbp_anonymous_reply_count":0,"_bbp_topic_count_hidden":0,"_bbp_reply_count_hidden":0,"_bbp_forum_subforum_count":0,"footnotes":""},"categories":[33],"tags":[],"class_list":{"0":"post-314552","1":"post","2":"type-post","3":"status-publish","4":"format-standard","6":"category-opinion"},"_links":{"self":[{"href":"https:\/\/primermomento.com\/index.php?rest_route=\/wp\/v2\/posts\/314552","targetHints":{"allow":["GET"]}}],"collection":[{"href":"https:\/\/primermomento.com\/index.php?rest_route=\/wp\/v2\/posts"}],"about":[{"href":"https:\/\/primermomento.com\/index.php?rest_route=\/wp\/v2\/types\/post"}],"author":[{"embeddable":true,"href":"https:\/\/primermomento.com\/index.php?rest_route=\/wp\/v2\/users\/1"}],"replies":[{"embeddable":true,"href":"https:\/\/primermomento.com\/index.php?rest_route=%2Fwp%2Fv2%2Fcomments&post=314552"}],"version-history":[{"count":2,"href":"https:\/\/primermomento.com\/index.php?rest_route=\/wp\/v2\/posts\/314552\/revisions"}],"predecessor-version":[{"id":314562,"href":"https:\/\/primermomento.com\/index.php?rest_route=\/wp\/v2\/posts\/314552\/revisions\/314562"}],"wp:attachment":[{"href":"https:\/\/primermomento.com\/index.php?rest_route=%2Fwp%2Fv2%2Fmedia&parent=314552"}],"wp:term":[{"taxonomy":"category","embeddable":true,"href":"https:\/\/primermomento.com\/index.php?rest_route=%2Fwp%2Fv2%2Fcategories&post=314552"},{"taxonomy":"post_tag","embeddable":true,"href":"https:\/\/primermomento.com\/index.php?rest_route=%2Fwp%2Fv2%2Ftags&post=314552"}],"curies":[{"name":"wp","href":"https:\/\/api.w.org\/{rel}","templated":true}]}}