{"id":314558,"date":"2019-01-24T06:06:54","date_gmt":"2019-01-24T10:06:54","guid":{"rendered":"http:\/\/primermomento.com\/?p=314558"},"modified":"2019-01-24T22:09:22","modified_gmt":"2019-01-25T02:09:22","slug":"el-pld-las-castas-del-poder-y-la-reeleccion-2","status":"publish","type":"post","link":"https:\/\/primermomento.com\/?p=314558","title":{"rendered":"El PLD: Las castas del poder y la reelecci\u00f3n"},"content":{"rendered":"\n<p>El PLD se defini\u00f3 a s\u00ed mismo como un dechado de virtudes, se empin\u00f3 sobre su gloria futura que era su causa verdadera, y despleg\u00f3 el \u00e1spero placer del resentimiento peque\u00f1oburgu\u00e9s golpeando con un l\u00e1tigo pavoroso toda conducta anti\u00e9tica. Los pelede\u00edstas eran franciscanos, curas de clausura, carmelitas descalzos. Ten\u00edan dos vidas y las dos falsas. Comenzamos a saberlo con el \u201cFrente patri\u00f3tico\u201d, en el 1996; de un partido de cuadros escogidos pasaron a conocer todas las tentaciones del poder. El Juan Bosch que levantaba de un lado la mano de Joaqu\u00edn Balaguer, y del otro la de Leonel Fern\u00e1ndez; ignoraba, sin ning\u00fan dominio ya de sus facultades,  el ciclo de degradaci\u00f3n que se abr\u00eda. Bajo la superficie del pragmatismo, el PLD desembocaba en la apolog\u00eda de la podredumbre.<\/p>\n\n\n\n<div class=\"wp-block-image\"><figure class=\"alignleft\"><img decoding=\"async\" src=\"http:\/\/primermomento.com\/wp-content\/uploads\/2019\/01\/Andr\u00e9s-L.-Mateo1.jpg\" alt=\"\" class=\"wp-image-314327\"\/><\/figure><\/div>\n\n\n\n<p>Se transformaron en una maquinaria electoral, descubrieron que la revoluci\u00f3n no era posible, y navegaron  con viento favorable,   sin las restricciones de lo concreto que impone un discurso moralista.   Aprendieron a manejar todos los tinglados de las instituciones p\u00fablicas, utilizaron cuantos recursos hay para manipular la voluntad individual, impusieron un discurso hegem\u00f3nico en los medios de comunicaci\u00f3n, fraguaron el manto fr\u00edo de la impunidad, intimidaron a las c\u00fapulas empresariales y a los poderes f\u00e1cticos, cooptaron artistas, intelectuales, historiadores, e incluso grupos de izquierda;  la corrupci\u00f3n configur\u00f3 castas e hicieron de la justicia un teatro bufo  con esperp\u00e9nticos jueces que no son m\u00e1s que pol\u00edticos disfrazados con togas y birretes. Y, finalmente, se embriagaron con el poder del dinero. Las castas de privilegiados y enriquecidos dentro del PLD pautan todas las decisiones que ata\u00f1en al desenvolvimiento de la vida del pa\u00eds.   No hay nadie en la sociedad dominicana de hoy que no haya sentido y temido ese clima  de rebajamiento y de sumisi\u00f3n general; esa r\u00e1faga de incredulidad en la cual la ilusi\u00f3n pelede\u00edsta cuajaba en la corrupci\u00f3n de los ideales liberacionistas (no olvidemos que dec\u00edan ser un \u201cPartido de liberaci\u00f3n dominicana\u201d), para devenir en el m\u00e1s desencarnado proyecto de dominaci\u00f3n totalitaria y corrupci\u00f3n.<\/p>\n\n\n\n<p>Esas castas pol\u00edticas que han obtenido grandes beneficios del poder en los gobiernos del PLD constituyen hoy una amenaza a las d\u00e9biles conquistas democr\u00e1ticas de la naci\u00f3n. Al danilismo no le importa la violaci\u00f3n a los principios de respeto a la constituci\u00f3n,  y el uso demencial del presupuesto para reelegirse;  la casta del Comit\u00e9 pol\u00edtico, nuevo club de millonarios al vapor, ni se inmuta ante el deterioro galopante de las instituciones en el pa\u00eds. Los beneficios econ\u00f3micos que la estructura de castas le ha proporcionado a su dirigencia, ha originado que en el PLD ya nadie sienta asco de ver los mismos esquemas de gobierno que reproducen y ahondan las lacras hist\u00f3ricas reiteradas de nuestras vicisitudes. \u00a1Es como si regres\u00e1ramos al siglo XIX! El mismo control, las mismas argucias de centralizaci\u00f3n de las reelecciones de Ulises Heureaux. Lil\u00eds era la transgresi\u00f3n desordenada de todo el liberalismo del partido azul al conservadurismo de los rojos, que culmina en la dictadura plena. Las castas del PLD, concretada en la ambici\u00f3n de Danilo Medina hoy y en la determinaci\u00f3n de mantenerse en poder a toda costa,  nos conducen a una dictadura cumplimentando todo el plano formal de una democracia. De eso es que se trata, Jos\u00e9 B\u00e1ez Guerrero.<\/p>\n\n\n\n<p>Lo que se ha abierto es un espacio dictatorial en el pa\u00eds. La imposici\u00f3n de la segunda reelecci\u00f3n y la nueva vulneraci\u00f3n constitucional es concretar la vocaci\u00f3n de eternidad de Danilo Medina. Lo repito porque ya no es un planteamiento abstracto, Danilo Medina gasta once millones de pesos diarios en promoci\u00f3n personal, dispone del presupuesto del Estado, con la sumisi\u00f3n del asistencialismo que domestica las masas; con la incertidumbre existencial de la clase media,  con la corrupci\u00f3n desplegada anulando voluntades, y la determinaci\u00f3n de prostituirlo todo con tal de quedarse en el poder. <\/p>\n\n\n\n<p>La configuraci\u00f3n del dominio en el PLD es de castas enriquecidas que tienen ya m\u00e1s de quince a\u00f1os saqueando el Estado, y har\u00e1n lo que sea para mantenerse en el poder, incluso la dictadura disfrazada.  Ese \u201cdechado de virtudes\u201d que dec\u00edan ser tiene hoy un absoluto desd\u00e9n por los valores, y en ellos el cinismo ocupa el lugar de la verdad.  Las castas del poder aman  la riqueza, la impunidad. El vivo retrato de que todo aquello en que dec\u00edan creer se ha desmoronado. Y ahora s\u00f3lo queda la b\u00fasqueda del dinero, y la ambici\u00f3n infinita de poder.    <\/p>\n\n\n\n<p style=\"text-align:right\">Andr\u00e9s L. Mateo<br> <em>Poeta y escritor<\/em><\/p>\n","protected":false},"excerpt":{"rendered":"<p>El PLD se defini\u00f3 a s\u00ed mismo como un dechado de virtudes, se empin\u00f3 sobre su gloria futura que era su causa verdadera, y despleg\u00f3 el \u00e1spero placer del resentimiento peque\u00f1oburgu\u00e9s golpeando con un l\u00e1tigo pavoroso toda conducta anti\u00e9tica. Los pelede\u00edstas eran franciscanos, curas de clausura, carmelitas descalzos. Ten\u00edan dos vidas y las dos falsas. [&hellip;]<\/p>\n","protected":false},"author":1,"featured_media":0,"comment_status":"open","ping_status":"open","sticky":false,"template":"","format":"standard","meta":{"_bbp_topic_count":0,"_bbp_reply_count":0,"_bbp_total_topic_count":0,"_bbp_total_reply_count":0,"_bbp_voice_count":0,"_bbp_anonymous_reply_count":0,"_bbp_topic_count_hidden":0,"_bbp_reply_count_hidden":0,"_bbp_forum_subforum_count":0,"footnotes":""},"categories":[33],"tags":[],"class_list":{"0":"post-314558","1":"post","2":"type-post","3":"status-publish","4":"format-standard","6":"category-opinion"},"_links":{"self":[{"href":"https:\/\/primermomento.com\/index.php?rest_route=\/wp\/v2\/posts\/314558","targetHints":{"allow":["GET"]}}],"collection":[{"href":"https:\/\/primermomento.com\/index.php?rest_route=\/wp\/v2\/posts"}],"about":[{"href":"https:\/\/primermomento.com\/index.php?rest_route=\/wp\/v2\/types\/post"}],"author":[{"embeddable":true,"href":"https:\/\/primermomento.com\/index.php?rest_route=\/wp\/v2\/users\/1"}],"replies":[{"embeddable":true,"href":"https:\/\/primermomento.com\/index.php?rest_route=%2Fwp%2Fv2%2Fcomments&post=314558"}],"version-history":[{"count":1,"href":"https:\/\/primermomento.com\/index.php?rest_route=\/wp\/v2\/posts\/314558\/revisions"}],"predecessor-version":[{"id":314559,"href":"https:\/\/primermomento.com\/index.php?rest_route=\/wp\/v2\/posts\/314558\/revisions\/314559"}],"wp:attachment":[{"href":"https:\/\/primermomento.com\/index.php?rest_route=%2Fwp%2Fv2%2Fmedia&parent=314558"}],"wp:term":[{"taxonomy":"category","embeddable":true,"href":"https:\/\/primermomento.com\/index.php?rest_route=%2Fwp%2Fv2%2Fcategories&post=314558"},{"taxonomy":"post_tag","embeddable":true,"href":"https:\/\/primermomento.com\/index.php?rest_route=%2Fwp%2Fv2%2Ftags&post=314558"}],"curies":[{"name":"wp","href":"https:\/\/api.w.org\/{rel}","templated":true}]}}