{"id":314569,"date":"2019-01-24T07:23:57","date_gmt":"2019-01-24T11:23:57","guid":{"rendered":"http:\/\/primermomento.com\/?p=314569"},"modified":"2019-01-24T22:26:30","modified_gmt":"2019-01-25T02:26:30","slug":"definiran-sede-final-de-la-serie-del-caribe","status":"publish","type":"post","link":"https:\/\/primermomento.com\/?p=314569","title":{"rendered":"Definir\u00e1n sede final de la Serie del Caribe"},"content":{"rendered":"\n<p> SANTO DOMINGO, Rep\u00fablica Dominicana.- Los organizadores de la Serie del Caribe  2019, con el titular del b\u00e9isbol de la regi\u00f3n, el dominicano Juan  Francisco Puello al frente, anunciaron hoy que definir\u00e1n la sede final  del evento en 24 horas.                         <br>                          <\/p>\n\n\n\n<figure class=\"wp-block-image\"><img loading=\"lazy\" decoding=\"async\" width=\"748\" height=\"498\" src=\"http:\/\/primermomento.com\/wp-content\/uploads\/2019\/01\/0SERIE.jpg\" alt=\"\" class=\"wp-image-314570\" srcset=\"https:\/\/primermomento.com\/wp-content\/uploads\/2019\/01\/0SERIE.jpg 748w, https:\/\/primermomento.com\/wp-content\/uploads\/2019\/01\/0SERIE-300x200.jpg 300w, https:\/\/primermomento.com\/wp-content\/uploads\/2019\/01\/0SERIE-73x50.jpg 73w, https:\/\/primermomento.com\/wp-content\/uploads\/2019\/01\/0SERIE-500x333.jpg 500w, https:\/\/primermomento.com\/wp-content\/uploads\/2019\/01\/0SERIE-280x186.jpg 280w, https:\/\/primermomento.com\/wp-content\/uploads\/2019\/01\/0SERIE-60x40.jpg 60w, https:\/\/primermomento.com\/wp-content\/uploads\/2019\/01\/0SERIE-638x425.jpg 638w, https:\/\/primermomento.com\/wp-content\/uploads\/2019\/01\/0SERIE-118x79.jpg 118w, https:\/\/primermomento.com\/wp-content\/uploads\/2019\/01\/0SERIE-479x319.jpg 479w\" sizes=\"auto, (max-width: 748px) 100vw, 748px\" \/><\/figure>\n\n\n\n<p>La competencia, fijada para efectuarse del 2 al 8 de febrero en  Barquisimeto, Venezuela, est\u00e1 en suspenso debido a la situaci\u00f3n en esa  naci\u00f3n luego de que Washington y pa\u00edses aliados reconocieron al  autoproclamado presidente Juan Guaid\u00f3, acto que Caracas calific\u00f3 de un  golpe de Estado y de una violaci\u00f3n de la institucionalidad y la  Constituci\u00f3n.<\/p>\n\n\n\n<p> Medios locales se\u00f1alan c\u00f3mo los presidentes de \nligas y Puello tuvieron este jueves una teleconferencia en la cual \nanalizaron los hechos, la forma en que pueden afectar la celebraci\u00f3n de \nla Serie y analizaron distintas variantes para lograr se lleve a cabo.<\/p>\n\n\n\n<p>  Sin embargo, dado el escaso tiempo para el inicio de la competencia y  que no hay muchas salidas, decidieron dar un plazo para pronunciarse  luego de ver con el Comit\u00e9 Organizador los detalles. <\/p>\n\n\n\n<p style=\"text-align:right\">PL<\/p>\n","protected":false},"excerpt":{"rendered":"<p>SANTO DOMINGO, Rep\u00fablica Dominicana.- Los organizadores de la Serie del Caribe 2019, con el titular del b\u00e9isbol de la regi\u00f3n, el dominicano Juan Francisco Puello al frente, anunciaron hoy que definir\u00e1n la sede final del evento en 24 horas. La competencia, fijada para efectuarse del 2 al 8 de febrero en Barquisimeto, Venezuela, est\u00e1 en [&hellip;]<\/p>\n","protected":false},"author":1,"featured_media":0,"comment_status":"open","ping_status":"open","sticky":false,"template":"","format":"standard","meta":{"_bbp_topic_count":0,"_bbp_reply_count":0,"_bbp_total_topic_count":0,"_bbp_total_reply_count":0,"_bbp_voice_count":0,"_bbp_anonymous_reply_count":0,"_bbp_topic_count_hidden":0,"_bbp_reply_count_hidden":0,"_bbp_forum_subforum_count":0,"footnotes":""},"categories":[42,60],"tags":[],"class_list":{"0":"post-314569","1":"post","2":"type-post","3":"status-publish","4":"format-standard","6":"category-deportes","7":"category-titulares-del-dia"},"_links":{"self":[{"href":"https:\/\/primermomento.com\/index.php?rest_route=\/wp\/v2\/posts\/314569","targetHints":{"allow":["GET"]}}],"collection":[{"href":"https:\/\/primermomento.com\/index.php?rest_route=\/wp\/v2\/posts"}],"about":[{"href":"https:\/\/primermomento.com\/index.php?rest_route=\/wp\/v2\/types\/post"}],"author":[{"embeddable":true,"href":"https:\/\/primermomento.com\/index.php?rest_route=\/wp\/v2\/users\/1"}],"replies":[{"embeddable":true,"href":"https:\/\/primermomento.com\/index.php?rest_route=%2Fwp%2Fv2%2Fcomments&post=314569"}],"version-history":[{"count":1,"href":"https:\/\/primermomento.com\/index.php?rest_route=\/wp\/v2\/posts\/314569\/revisions"}],"predecessor-version":[{"id":314571,"href":"https:\/\/primermomento.com\/index.php?rest_route=\/wp\/v2\/posts\/314569\/revisions\/314571"}],"wp:attachment":[{"href":"https:\/\/primermomento.com\/index.php?rest_route=%2Fwp%2Fv2%2Fmedia&parent=314569"}],"wp:term":[{"taxonomy":"category","embeddable":true,"href":"https:\/\/primermomento.com\/index.php?rest_route=%2Fwp%2Fv2%2Fcategories&post=314569"},{"taxonomy":"post_tag","embeddable":true,"href":"https:\/\/primermomento.com\/index.php?rest_route=%2Fwp%2Fv2%2Ftags&post=314569"}],"curies":[{"name":"wp","href":"https:\/\/api.w.org\/{rel}","templated":true}]}}