{"id":314573,"date":"2019-01-25T14:59:31","date_gmt":"2019-01-25T18:59:31","guid":{"rendered":"http:\/\/primermomento.com\/?p=314573"},"modified":"2019-01-25T14:59:33","modified_gmt":"2019-01-25T18:59:33","slug":"bani-advierte-catastrofe-por-plantas-a-carbon-en-pc","status":"publish","type":"post","link":"https:\/\/primermomento.com\/?p=314573","title":{"rendered":"BAN\u00cd | Advierte cat\u00e1strofe por plantas a carb\u00f3n en PC"},"content":{"rendered":"\n<p> BAN\u00cd, Rep\u00fablica Dominicana.- \u00abTan pronto se enciendan las plantas de carb\u00f3n de Punta Catalina, Ban\u00ed se despide del turismo y de la agricultura org\u00e1nica de exportaci\u00f3n; las playas ser\u00e1n afectadas por las trazas de carb\u00f3n como ha ocurrido con las de Santa Martha en Colombia, y las frutas como el mango y el aguacate, adem\u00e1s de enfermarse y bajar su productividad, nadie las querr\u00e1 por su alto contenido de carbono y de metales pesados\u201d, alert\u00f3 a los habitantes de la provincia Peravia, el reconocido investigador colombiano, Marcelo Caruso Azc\u00e1rate.<\/p>\n\n\n\n<figure class=\"wp-block-image\"><img loading=\"lazy\" decoding=\"async\" width=\"640\" height=\"480\" src=\"http:\/\/primermomento.com\/wp-content\/uploads\/2019\/01\/Marcelo-Caruso-Azc\u00e1rate.jpg\" alt=\"\" class=\"wp-image-314574\" srcset=\"https:\/\/primermomento.com\/wp-content\/uploads\/2019\/01\/Marcelo-Caruso-Azc\u00e1rate.jpg 640w, https:\/\/primermomento.com\/wp-content\/uploads\/2019\/01\/Marcelo-Caruso-Azc\u00e1rate-300x225.jpg 300w, https:\/\/primermomento.com\/wp-content\/uploads\/2019\/01\/Marcelo-Caruso-Azc\u00e1rate-120x90.jpg 120w, https:\/\/primermomento.com\/wp-content\/uploads\/2019\/01\/Marcelo-Caruso-Azc\u00e1rate-500x375.jpg 500w, https:\/\/primermomento.com\/wp-content\/uploads\/2019\/01\/Marcelo-Caruso-Azc\u00e1rate-280x210.jpg 280w, https:\/\/primermomento.com\/wp-content\/uploads\/2019\/01\/Marcelo-Caruso-Azc\u00e1rate-638x479.jpg 638w, https:\/\/primermomento.com\/wp-content\/uploads\/2019\/01\/Marcelo-Caruso-Azc\u00e1rate-118x89.jpg 118w, https:\/\/primermomento.com\/wp-content\/uploads\/2019\/01\/Marcelo-Caruso-Azc\u00e1rate-479x359.jpg 479w\" sizes=\"auto, (max-width: 640px) 100vw, 640px\" \/><figcaption>Marcelo Caruso Azc\u00e1rate.<\/figcaption><\/figure>\n\n\n\n<p>Al mismo tiempo, Caruso Azc\u00e1rate anticip\u00f3 los graves da\u00f1os que causar\u00e1 la combusti\u00f3n de carb\u00f3n de las dos plantas de la termoel\u00e9ctrica de Punta Catalina en la salud, en los sistemas productivos y en el medio ambiente de la provincia Peravia.<\/p>\n\n\n\n<p>As\u00ed lo advirti\u00f3 el reconocido intelectual latinoamericano Marcelo Caruso Azc\u00e1rate, quien pronunci\u00f3 una conferencia sobre el carb\u00f3n mineral, en el centro parroquial de la Catedral Nuestra Se\u00f1ora de Regla, la tarde de este jueves 24 de enero del 1019. <\/p>\n\n\n\n<p>En la disertaci\u00f3n, Caruso Azc\u00e1rate explic\u00f3 los impactos que produce la quema de carb\u00f3n mineral para generar energ\u00eda el\u00e9ctrica <\/p>\n\n\n\n<p>\u00abSon inherentes y exclusivos de este combustible f\u00f3sil\u00bb, analiz\u00f3 el profesor de maestr\u00edas de Medio Ambiente y Desarrollo Humano.<\/p>\n\n\n\n<p>El tambi\u00e9n columnista del diario El Espectador de Colombia, hizo un llamamiento a la sociedad civil de la provincia Peravia a visualizar las estad\u00edsticas actuales sobre salud, con indicadores medioambientales como calidad del aire y de las aguas y sanidad vegetal, para que dentro de varios a\u00f1os se comparen estos datos, y se pueda observar y medir el deterioro causado por la contaminaci\u00f3n del carb\u00f3n.<\/p>\n\n\n\n<p>-Si no se logra convertir a Punta Catalina a gas natural, como lo ha propuesto el Comit\u00e9 Nacional de Lucha Contra el Cambio Clim\u00e1tico (CNLCC), la provincia Peravia debe monitorear la contaminaci\u00f3n que causar\u00e1 el carb\u00f3n y exigir compensaci\u00f3n econ\u00f3mica por los da\u00f1os sufridos -reflexion\u00f3 Caruso Azc\u00e1rate.<\/p>\n\n\n\n<p>\u00abEn el mundo entero, a\u00fan donde existen plantas de carb\u00f3n muy avanzadas y con alta tecnolog\u00eda, se est\u00e1n cerrando, porque es imposible evitar que emitan una gran cantidad de di\u00f3xido de carbono que causa el cambio clim\u00e1tico y erradicar la gran contaminaci\u00f3n que producen con un alto costo en la salud p\u00fablica\u00bb, puntualiz\u00f3 el intelectual latinoamericano.<\/p>\n\n\n\n<p>Caruso Azc\u00e1rate asegur\u00f3 que si se quema carb\u00f3n mineral, necesariamente se tendr\u00e1n cenizas y escorias de carb\u00f3n, material particulado y gases \u00e1cidos, adem\u00e1s de C02, que impactar\u00e1n en la poblaci\u00f3n, en los cultivos, en el ganado, en el medio ambiente y en la atm\u00f3sfera de todo el planeta.<\/p>\n\n\n\n<p>-Los filtros contemplados por el estudio oficial de impacto ambiental de las plantas de Punta Catalina, no son de los de \u00faltima generaci\u00f3n que son los h\u00famedos, sino secos, por lo que la retenci\u00f3n de la micropart\u00edculas en la chimenea ser\u00e1 muy limitada -analiz\u00f3 Caruso Azc\u00e1rate.<\/p>\n\n\n\n<p>El destacado investigador se\u00f1al\u00f3 que la direcci\u00f3n del viento, los gases \u00e1cidos, las micropart\u00edculas y las cenizas volar\u00e1n hacia la zona m\u00e1s poblada y cultivada de la provincia, especialmente sobre la ciudad de Ban\u00ed, por lo que se incrementar\u00e1n los da\u00f1os de la contaminaci\u00f3n.<\/p>\n\n\n\n<p>\u00abLa poblaci\u00f3n de la provincia, particularmente las comunidades ubicadas en un \u00e1rea de 20 kil\u00f3metros de las plantas de Punta Catalina, comenzar\u00e1n a padecer enfermedades respiratorias, cardiovascular, cerebrovasculares, alergias y c\u00e1ncer pulmonar, entre otras\u00bb, vaticin\u00f3 Caruso Azc\u00e1rate.<\/p>\n\n\n\n<p>-La situaci\u00f3n ser\u00e1 tan grave que comenzar\u00e1 a registrarse de forma ascendente cada a\u00f1o muertes prematuras especialmente en la poblaci\u00f3n m\u00e1s vulnerable como la infancia y los envejecientes -explic\u00f3 el profesor Marcelo Caruso Azc\u00e1rate.<\/p>\n\n\n\n<p>El catedr\u00e1tico colombiano revel\u00f3 que su pa\u00eds padece la contaminaci\u00f3n del carb\u00f3n como consecuencia de su extracci\u00f3n y transporte, y debido a eso, las organizaciones sindicales y comunitarias han exigido medidas estrictas de mitigaci\u00f3n y compensaci\u00f3n econ\u00f3micas por los da\u00f1os causados a la poblaci\u00f3n.<\/p>\n\n\n\n<p>-No hay forma de compensar una enfermedad cr\u00f3nica y catastr\u00f3fica como es el infarto coronario o de cerebro o la muerte de una persona que hubiera podido vivir una larga vida gozando de salud -expres\u00f3 Caruso Azc\u00e1rate.<\/p>\n\n\n\n<p>El monse\u00f1or V\u00edctor Masalles Pere pidi\u00f3 la protecci\u00f3n del Se\u00f1or ante los riesgos de la contaminaci\u00f3n del carb\u00f3n que amenaza a la provincia Peravia.<\/p>\n\n\n\n<p>La conferencia fue patrocinada por rl Observatorio Dominicano de Pol\u00edticas P\u00fablicas, ODPP, el Comit\u00e9 Nacional de Lucha Contra el Cambio Clim\u00e1tico, CNLCC, representada por el economista y dirigente popular, H\u00e9ctor Turb\u00ed, la seccional Ban\u00ed de la Asociaci\u00f3n Dominicana de Profesores, ADP,  cuyo presidente es Esterlyn Jim\u00e9nez, y Re:Common.<\/p>\n\n\n\n<p style=\"text-align:right\">Primer Momento<\/p>\n","protected":false},"excerpt":{"rendered":"<p>BAN\u00cd, Rep\u00fablica Dominicana.- \u00abTan pronto se enciendan las plantas de carb\u00f3n de Punta Catalina, Ban\u00ed se despide del turismo y de la agricultura org\u00e1nica de exportaci\u00f3n; las playas ser\u00e1n afectadas por las trazas de carb\u00f3n como ha ocurrido con las de Santa Martha en Colombia, y las frutas como el mango y el aguacate, adem\u00e1s [&hellip;]<\/p>\n","protected":false},"author":1,"featured_media":0,"comment_status":"open","ping_status":"open","sticky":false,"template":"","format":"standard","meta":{"_bbp_topic_count":0,"_bbp_reply_count":0,"_bbp_total_topic_count":0,"_bbp_total_reply_count":0,"_bbp_voice_count":0,"_bbp_anonymous_reply_count":0,"_bbp_topic_count_hidden":0,"_bbp_reply_count_hidden":0,"_bbp_forum_subforum_count":0,"footnotes":""},"categories":[30,60],"tags":[],"class_list":{"0":"post-314573","1":"post","2":"type-post","3":"status-publish","4":"format-standard","6":"category-actualidad","7":"category-titulares-del-dia"},"_links":{"self":[{"href":"https:\/\/primermomento.com\/index.php?rest_route=\/wp\/v2\/posts\/314573","targetHints":{"allow":["GET"]}}],"collection":[{"href":"https:\/\/primermomento.com\/index.php?rest_route=\/wp\/v2\/posts"}],"about":[{"href":"https:\/\/primermomento.com\/index.php?rest_route=\/wp\/v2\/types\/post"}],"author":[{"embeddable":true,"href":"https:\/\/primermomento.com\/index.php?rest_route=\/wp\/v2\/users\/1"}],"replies":[{"embeddable":true,"href":"https:\/\/primermomento.com\/index.php?rest_route=%2Fwp%2Fv2%2Fcomments&post=314573"}],"version-history":[{"count":1,"href":"https:\/\/primermomento.com\/index.php?rest_route=\/wp\/v2\/posts\/314573\/revisions"}],"predecessor-version":[{"id":314575,"href":"https:\/\/primermomento.com\/index.php?rest_route=\/wp\/v2\/posts\/314573\/revisions\/314575"}],"wp:attachment":[{"href":"https:\/\/primermomento.com\/index.php?rest_route=%2Fwp%2Fv2%2Fmedia&parent=314573"}],"wp:term":[{"taxonomy":"category","embeddable":true,"href":"https:\/\/primermomento.com\/index.php?rest_route=%2Fwp%2Fv2%2Fcategories&post=314573"},{"taxonomy":"post_tag","embeddable":true,"href":"https:\/\/primermomento.com\/index.php?rest_route=%2Fwp%2Fv2%2Ftags&post=314573"}],"curies":[{"name":"wp","href":"https:\/\/api.w.org\/{rel}","templated":true}]}}