{"id":314576,"date":"2019-01-25T14:08:32","date_gmt":"2019-01-25T18:08:32","guid":{"rendered":"http:\/\/primermomento.com\/?p=314576"},"modified":"2019-01-25T15:11:51","modified_gmt":"2019-01-25T19:11:51","slug":"la-violencia-crece-en-la-republica-dominicana","status":"publish","type":"post","link":"https:\/\/primermomento.com\/?p=314576","title":{"rendered":"La violencia crece en la Rep\u00fablica Dominicana"},"content":{"rendered":"\n<p> SANTO DOMINGO, Rep\u00fablica Dominicana.- La violencia crece en la Rep\u00fablica  Dominicana tras el inicio de 2019, cuesti\u00f3n que tiene preocupada a la  poblaci\u00f3n y autoridades del pa\u00eds.                         <br>                          <\/p>\n\n\n\n<figure class=\"wp-block-image\"><img loading=\"lazy\" decoding=\"async\" width=\"680\" height=\"451\" src=\"http:\/\/primermomento.com\/wp-content\/uploads\/2019\/01\/ALDRIN-BAUTISTA.jpeg\" alt=\"\" class=\"wp-image-313942\" srcset=\"https:\/\/primermomento.com\/wp-content\/uploads\/2019\/01\/ALDRIN-BAUTISTA.jpeg 680w, https:\/\/primermomento.com\/wp-content\/uploads\/2019\/01\/ALDRIN-BAUTISTA-300x199.jpeg 300w, https:\/\/primermomento.com\/wp-content\/uploads\/2019\/01\/ALDRIN-BAUTISTA-500x332.jpeg 500w, https:\/\/primermomento.com\/wp-content\/uploads\/2019\/01\/ALDRIN-BAUTISTA-280x186.jpeg 280w, https:\/\/primermomento.com\/wp-content\/uploads\/2019\/01\/ALDRIN-BAUTISTA-60x40.jpeg 60w, https:\/\/primermomento.com\/wp-content\/uploads\/2019\/01\/ALDRIN-BAUTISTA-638x423.jpeg 638w, https:\/\/primermomento.com\/wp-content\/uploads\/2019\/01\/ALDRIN-BAUTISTA-118x78.jpeg 118w, https:\/\/primermomento.com\/wp-content\/uploads\/2019\/01\/ALDRIN-BAUTISTA-479x318.jpeg 479w, https:\/\/primermomento.com\/wp-content\/uploads\/2019\/01\/ALDRIN-BAUTISTA-153x100.jpeg 153w\" sizes=\"auto, (max-width: 680px) 100vw, 680px\" \/><figcaption>Aldr\u00edn Bautista, director general de la PN lament\u00f3 la muerte del coronel  Daniel Ramos Alvarez, en Ban\u00ed. Foto | Fuente externa.<\/figcaption><\/figure>\n\n\n\n<p>Varios han sido  los hechos de violencia y muerte que alteraron la vida de los  dominicanos, desde el hallazgo de tres cad\u00e1veres calcinados dentro de  una camioneta en la provincia La Romana hasta el asesinato de un coronel  de la Polic\u00eda el cual se dice hac\u00eda labores de inteligencia en el  municipio de Ban\u00ed, provincia de Peravia.<\/p>\n\n\n\n<p> Pasando por la muerte \nde cinco j\u00f3venes con edades que van de los 17 hasta los 22 a\u00f1os y el \nasesinato de un hermano del arzobispo metropolitano de la Arquidi\u00f3cesis \nde Santiago, monse\u00f1or Freddy de Jes\u00fas Bret\u00f3n Mart\u00ednez, para despojarlo \nde una motocicleta.<\/p>\n\n\n\n<p> Asimismo, al parecer est\u00e1n de regreso las \nmuertes por ajustes de cuentas y narcotr\u00e1fico, y en las \u00faltimas semanas \nse produjeron por lo menos 13 homicidios.<\/p>\n\n\n\n<p> El fen\u00f3meno es de tal \nmagnitud que el presidente, Danilo Medina, reconoci\u00f3 recientemente c\u00f3mo \nse vive en una carrera contra el delito y &#8216;much\u00edsimas personas, incluso \nde cuello blanco, est\u00e1n ligadas al narcotr\u00e1fico y este penetr\u00f3 muchas \n\u00e1reas de Dominicana, incluso \u00e1reas militares y de seguridad.&#8217;  <\/p>\n\n\n\n<p>Lament\u00f3\n los \u00faltimos hechos de sangre ocurridos en el pa\u00eds aunque dijo que la \ntasa de homicidios baj\u00f3 de 24 por ciento a 15 en los \u00faltimos cuatro \na\u00f1os.<\/p>\n\n\n\n<p> El mandatario puntualiz\u00f3 c\u00f3mo la situaci\u00f3n actual \ndelictiva no es una amenaza para nadie, pero se debe estar listos para \ncuando se sepa que una persona est\u00e1 vinculada al delito, reciba su \nsanci\u00f3n.<\/p>\n\n\n\n<p> Tambi\u00e9n dijo que aqu\u00ed hay una cantidad de drogas la \ncual se queda, los narcotraficantes pagan en especie y necesitan \nconvertir esos estupefacientes en dinero.<\/p>\n\n\n\n<p> El problema ha hecho \nque la Polic\u00eda Nacional instruya a sus efectivos sobre el reforzamiento \nde los servicios preventivos y operativos para preservar el orden \np\u00fablico.<\/p>\n\n\n\n<p> De igual manera, su director, el mayor general Ney \nAldrin Bautista Almonte, trat\u00f3 con el alto mando policial nuevas \nestrategias a implementar con el fin de incrementar la lucha efectiva \ncontra el microtr\u00e1fico y as\u00ed garantizar la paz y la tranquilidad de la \nciudadan\u00eda.<\/p>\n\n\n\n<p> Sin contar que la Polic\u00eda anunci\u00f3 cambios, \nreemplazos y designaciones en los departamentos de la instituci\u00f3n del \norden en el Distrito Nacional, el Gran Santo Domingo, las provincias de \nSantiago, Dajab\u00f3n, Azua y otras localidades del pa\u00eds.<\/p>\n\n\n\n<p> Adem\u00e1s, \nfue designado un nuevo director de Antipandillas de la Polic\u00eda Nacional,\n el coronel Salustiano Tineo Matos, en sustituci\u00f3n del general de \nbrigada Mario Objio Morales.<\/p>\n\n\n\n<p> Y por si fuera poco, el presidente \nde la Direcci\u00f3n Nacional de Control de Drogas (DNCD), F\u00e9lix \nAlburquerque, dispuso cambios en departamentos, direcciones, divisiones y\n de inspectores de ese organismo, as\u00ed como en puertos y aeropuertos \ndominicanos.<\/p>\n\n\n\n<p> Orden\u00f3 que agentes del Ej\u00e9rcito de Rep\u00fablica \nDominicana, Armada, Fuerza A\u00e9rea y de la Polic\u00eda, quienes prestaban \nservicios en distintas \u00e1reas de la DNCD, sean devueltos a sus \nrespectivas instituciones para sustituirlos por nuevo personal.<\/p>\n\n\n\n<p> En el caso de Ban\u00ed fue removida y trasladada la dotaci\u00f3n completa conformada por 15 miembros y se produjeron varias demociones.<\/p>\n\n\n\n<p>\n Alburquerque, quien asumi\u00f3 sus funciones luego de que el mayor general \nJos\u00e9 Matos renunciara a la presidencia de la DNCD, dijo: &#8216;desde aqu\u00ed \nhar\u00e9 lo imposible para garantizar la paz y la tranquilidad y as\u00ed reducir\n el flagelo del narcotr\u00e1fico&#8217;  <\/p>\n\n\n\n<p>Por otra parte, expuso que como \nnuevo titular de la direcci\u00f3n, su nuevo norte ser\u00eda el compromiso y su \nobjetivo estaba encaminado a garantizar a las futuras generaciones \narmon\u00eda y paz.<\/p>\n\n\n\n<p> A todo lo anterior deben agregarse los atracos y \ndespojos de pertenencias a personas que ocurren en las calles de las \nciudades del pa\u00eds y en los barrios, donde ni los elitistas de la capital\n escapan de esas acciones.<\/p>\n\n\n\n<p> La mayor\u00eda de esos actos son \nrealizados por j\u00f3venes delincuentes quienes se desplazan en \nmotocicletas, precisa la polic\u00eda, pero lo cierto es que no hay hora, \npuede ser de d\u00eda o de noche y existen lugares donde sus pobladores, \nmedio en broma y medio en serio, colgaron carteles donde se lee: Zona de\n Atracos.<\/p>\n\n\n\n<p> Lo expuesto hasta aqu\u00ed muestra el panorama con el cual\n dio inicio este a\u00f1o preelectoral donde de por s\u00ed se necesita \ntranquilidad para enfrentar todo lo que se avecina en materia pol\u00edtica, \npor tanto, no estar\u00eda mal detener esta ola de violencia y sobre todo \natacar las causas, si fuera posible.<\/p>\n\n\n\n<p> Moment\u00e1neamente, las \nalarmas se han encendido y se aprecia el inter\u00e9s de las autoridades del \norden de emprender acciones encaminadas a enfrentar la violencia y las \nactividades delictivas para garantizar la tranquilidad ciudadana, pero \nhabr\u00e1 que ver.<\/p>\n\n\n\n<p> Los movimientos sociales comienzan a activarse \npara pedir al gobierno que tome cartas en el asunto a fin de detener el \nimpulso que llevan los delitos y no se convierta en una tendencia.<\/p>\n\n\n\n<p>  Sin dudas, hoy por hoy, enfrentar la violencia, el narcotr\u00e1fico y los  delitos en general es un reto que tiene por delante el gobierno  dominicano, una batalla dif\u00edcil y sin soluci\u00f3n a corto plazo, porque se  trata de una hidra de mil cabezas. <\/p>\n\n\n\n<p style=\"text-align:right\"> Edilberto F. M\u00e9ndez\/<em>PL<\/em><\/p>\n","protected":false},"excerpt":{"rendered":"<p>SANTO DOMINGO, Rep\u00fablica Dominicana.- La violencia crece en la Rep\u00fablica Dominicana tras el inicio de 2019, cuesti\u00f3n que tiene preocupada a la poblaci\u00f3n y autoridades del pa\u00eds. Varios han sido los hechos de violencia y muerte que alteraron la vida de los dominicanos, desde el hallazgo de tres cad\u00e1veres calcinados dentro de una camioneta en [&hellip;]<\/p>\n","protected":false},"author":1,"featured_media":0,"comment_status":"open","ping_status":"open","sticky":false,"template":"","format":"standard","meta":{"_bbp_topic_count":0,"_bbp_reply_count":0,"_bbp_total_topic_count":0,"_bbp_total_reply_count":0,"_bbp_voice_count":0,"_bbp_anonymous_reply_count":0,"_bbp_topic_count_hidden":0,"_bbp_reply_count_hidden":0,"_bbp_forum_subforum_count":0,"footnotes":""},"categories":[30,60],"tags":[],"class_list":{"0":"post-314576","1":"post","2":"type-post","3":"status-publish","4":"format-standard","6":"category-actualidad","7":"category-titulares-del-dia"},"_links":{"self":[{"href":"https:\/\/primermomento.com\/index.php?rest_route=\/wp\/v2\/posts\/314576","targetHints":{"allow":["GET"]}}],"collection":[{"href":"https:\/\/primermomento.com\/index.php?rest_route=\/wp\/v2\/posts"}],"about":[{"href":"https:\/\/primermomento.com\/index.php?rest_route=\/wp\/v2\/types\/post"}],"author":[{"embeddable":true,"href":"https:\/\/primermomento.com\/index.php?rest_route=\/wp\/v2\/users\/1"}],"replies":[{"embeddable":true,"href":"https:\/\/primermomento.com\/index.php?rest_route=%2Fwp%2Fv2%2Fcomments&post=314576"}],"version-history":[{"count":1,"href":"https:\/\/primermomento.com\/index.php?rest_route=\/wp\/v2\/posts\/314576\/revisions"}],"predecessor-version":[{"id":314577,"href":"https:\/\/primermomento.com\/index.php?rest_route=\/wp\/v2\/posts\/314576\/revisions\/314577"}],"wp:attachment":[{"href":"https:\/\/primermomento.com\/index.php?rest_route=%2Fwp%2Fv2%2Fmedia&parent=314576"}],"wp:term":[{"taxonomy":"category","embeddable":true,"href":"https:\/\/primermomento.com\/index.php?rest_route=%2Fwp%2Fv2%2Fcategories&post=314576"},{"taxonomy":"post_tag","embeddable":true,"href":"https:\/\/primermomento.com\/index.php?rest_route=%2Fwp%2Fv2%2Ftags&post=314576"}],"curies":[{"name":"wp","href":"https:\/\/api.w.org\/{rel}","templated":true}]}}