{"id":314578,"date":"2019-01-25T13:12:02","date_gmt":"2019-01-25T17:12:02","guid":{"rendered":"http:\/\/primermomento.com\/?p=314578"},"modified":"2019-01-25T15:15:38","modified_gmt":"2019-01-25T19:15:38","slug":"alertan-sobre-costo-politico-de-reeleccion-del-presidente-danilo-medina","status":"publish","type":"post","link":"https:\/\/primermomento.com\/?p=314578","title":{"rendered":"Alertan sobre costo pol\u00edtico de reelecci\u00f3n del presidente Danilo Medina"},"content":{"rendered":"\n<p> SANTO DOMINGO, Rep\u00fablica Dominicana.- El vicepresidente ejecutivo de la  Fundaci\u00f3n de Institucionalidad y Justicia (Finjus), Servio Tulio  Casta\u00f1os, se\u00f1al\u00f3 hoy que una reelecci\u00f3n del presidente dominicano,  Danilo Medina, tendr\u00e1 un alto costo pol\u00edtico.                         <br>                          <\/p>\n\n\n\n<div class=\"wp-block-image\"><figure class=\"alignleft\"><img loading=\"lazy\" decoding=\"async\" width=\"275\" height=\"183\" src=\"http:\/\/primermomento.com\/wp-content\/uploads\/2019\/01\/Servio-Tulio-Casta\u00f1os-Guzm\u00e1n.jpg\" alt=\"\" class=\"wp-image-314579\" srcset=\"https:\/\/primermomento.com\/wp-content\/uploads\/2019\/01\/Servio-Tulio-Casta\u00f1os-Guzm\u00e1n.jpg 275w, https:\/\/primermomento.com\/wp-content\/uploads\/2019\/01\/Servio-Tulio-Casta\u00f1os-Guzm\u00e1n-73x50.jpg 73w, https:\/\/primermomento.com\/wp-content\/uploads\/2019\/01\/Servio-Tulio-Casta\u00f1os-Guzm\u00e1n-60x40.jpg 60w, https:\/\/primermomento.com\/wp-content\/uploads\/2019\/01\/Servio-Tulio-Casta\u00f1os-Guzm\u00e1n-118x79.jpg 118w\" sizes=\"auto, (max-width: 275px) 100vw, 275px\" \/><\/figure><\/div>\n\n\n\n<p>&#8216;Si \u00e9l toma esa  decisi\u00f3n, es evidente tendr\u00e1 que evaluar cu\u00e1l es el costo pol\u00edtico a  pagar. Eso es una realidad&#8217;, expres\u00f3 Casta\u00f1os a la prensa durante su  participaci\u00f3n en una misa efectuada por el s\u00e9ptimo aniversario del  Tribunal Constitucional.<\/p>\n\n\n\n<p> El vicepresidente de Finjus estableci\u00f3 \ncomo la \u00fanica forma que tiene el presidente de reelegirse es modificando\n la Constituci\u00f3n.<\/p>\n\n\n\n<p> De cara a los comicios del 2020 y teniendo en \ncuenta que en octubre de este a\u00f1o se efectuar\u00e1n las elecciones \nprimarias, los dominicanos esperan el pronunciamiento del presidente \nacerca de su reelecci\u00f3n pues este prometi\u00f3 el pasado a\u00f1o hacerlo \nprobablemente en el mes de marzo.<\/p>\n\n\n\n<p> Medina fue electo en 2016 y el congreso autoriz\u00f3 un nuevo mandato de 2016 a 2020. <\/p>\n\n\n\n<p style=\"text-align:right\">PL<\/p>\n","protected":false},"excerpt":{"rendered":"<p>SANTO DOMINGO, Rep\u00fablica Dominicana.- El vicepresidente ejecutivo de la Fundaci\u00f3n de Institucionalidad y Justicia (Finjus), Servio Tulio Casta\u00f1os, se\u00f1al\u00f3 hoy que una reelecci\u00f3n del presidente dominicano, Danilo Medina, tendr\u00e1 un alto costo pol\u00edtico. &#8216;Si \u00e9l toma esa decisi\u00f3n, es evidente tendr\u00e1 que evaluar cu\u00e1l es el costo pol\u00edtico a pagar. Eso es una realidad&#8217;, expres\u00f3 [&hellip;]<\/p>\n","protected":false},"author":1,"featured_media":0,"comment_status":"open","ping_status":"open","sticky":false,"template":"","format":"standard","meta":{"_bbp_topic_count":0,"_bbp_reply_count":0,"_bbp_total_topic_count":0,"_bbp_total_reply_count":0,"_bbp_voice_count":0,"_bbp_anonymous_reply_count":0,"_bbp_topic_count_hidden":0,"_bbp_reply_count_hidden":0,"_bbp_forum_subforum_count":0,"footnotes":""},"categories":[60,31],"tags":[],"class_list":{"0":"post-314578","1":"post","2":"type-post","3":"status-publish","4":"format-standard","6":"category-titulares-del-dia","7":"category-estados-unidos"},"_links":{"self":[{"href":"https:\/\/primermomento.com\/index.php?rest_route=\/wp\/v2\/posts\/314578","targetHints":{"allow":["GET"]}}],"collection":[{"href":"https:\/\/primermomento.com\/index.php?rest_route=\/wp\/v2\/posts"}],"about":[{"href":"https:\/\/primermomento.com\/index.php?rest_route=\/wp\/v2\/types\/post"}],"author":[{"embeddable":true,"href":"https:\/\/primermomento.com\/index.php?rest_route=\/wp\/v2\/users\/1"}],"replies":[{"embeddable":true,"href":"https:\/\/primermomento.com\/index.php?rest_route=%2Fwp%2Fv2%2Fcomments&post=314578"}],"version-history":[{"count":1,"href":"https:\/\/primermomento.com\/index.php?rest_route=\/wp\/v2\/posts\/314578\/revisions"}],"predecessor-version":[{"id":314580,"href":"https:\/\/primermomento.com\/index.php?rest_route=\/wp\/v2\/posts\/314578\/revisions\/314580"}],"wp:attachment":[{"href":"https:\/\/primermomento.com\/index.php?rest_route=%2Fwp%2Fv2%2Fmedia&parent=314578"}],"wp:term":[{"taxonomy":"category","embeddable":true,"href":"https:\/\/primermomento.com\/index.php?rest_route=%2Fwp%2Fv2%2Fcategories&post=314578"},{"taxonomy":"post_tag","embeddable":true,"href":"https:\/\/primermomento.com\/index.php?rest_route=%2Fwp%2Fv2%2Ftags&post=314578"}],"curies":[{"name":"wp","href":"https:\/\/api.w.org\/{rel}","templated":true}]}}