{"id":314581,"date":"2019-01-27T08:43:17","date_gmt":"2019-01-27T12:43:17","guid":{"rendered":"http:\/\/primermomento.com\/?p=314581"},"modified":"2019-02-17T06:53:52","modified_gmt":"2019-02-17T10:53:52","slug":"frente-amplio-dominicano-aboga-por-desplazar-del-gobierno-al-pld","status":"publish","type":"post","link":"https:\/\/primermomento.com\/?p=314581","title":{"rendered":"Frente Amplio dominicano aboga por desplazar del gobierno al PLD"},"content":{"rendered":"\n<p>  SANTO DOMINGO, Rep\u00fablica Dominicana.- La IV Convenci\u00f3n Nacional del partido  Frente Amplio abog\u00f3 hoy en esta capital por desplazar del gobierno en  las elecciones de 2020 al Partido de la Liberaci\u00f3n Dominicana (PLD).                         <br>                          <\/p>\n\n\n\n<figure class=\"wp-block-image\"><img loading=\"lazy\" decoding=\"async\" width=\"707\" height=\"471\" src=\"http:\/\/primermomento.com\/wp-content\/uploads\/2019\/01\/frente-amplio-convencion1.jpg\" alt=\"\" class=\"wp-image-314583\" srcset=\"https:\/\/primermomento.com\/wp-content\/uploads\/2019\/01\/frente-amplio-convencion1.jpg 707w, https:\/\/primermomento.com\/wp-content\/uploads\/2019\/01\/frente-amplio-convencion1-300x200.jpg 300w, https:\/\/primermomento.com\/wp-content\/uploads\/2019\/01\/frente-amplio-convencion1-73x50.jpg 73w, https:\/\/primermomento.com\/wp-content\/uploads\/2019\/01\/frente-amplio-convencion1-500x333.jpg 500w, https:\/\/primermomento.com\/wp-content\/uploads\/2019\/01\/frente-amplio-convencion1-280x187.jpg 280w, https:\/\/primermomento.com\/wp-content\/uploads\/2019\/01\/frente-amplio-convencion1-60x40.jpg 60w, https:\/\/primermomento.com\/wp-content\/uploads\/2019\/01\/frente-amplio-convencion1-638x425.jpg 638w, https:\/\/primermomento.com\/wp-content\/uploads\/2019\/01\/frente-amplio-convencion1-118x79.jpg 118w, https:\/\/primermomento.com\/wp-content\/uploads\/2019\/01\/frente-amplio-convencion1-479x319.jpg 479w\" sizes=\"auto, (max-width: 707px) 100vw, 707px\" \/><\/figure>\n\n\n\n<p>En el evento  partidista efectuado en Centro Ol\u00edmpico de Santo Domingo, con  participaci\u00f3n de m\u00e1s de mil 300 delegados, tambi\u00e9n se reiter\u00f3 el  compromiso de esa organizaci\u00f3n de &#8216;unir todo lo que sea posible unir&#8217;  para derrotar al PLD y al Gobierno del presidente Danilo Medina en los  pr\u00f3ximos comicios.<\/p>\n\n\n\n<p> Asimismo, formalizaron la ampliaci\u00f3n de su \npadr\u00f3n de militantes y adecuaron los estatus de la organizaci\u00f3n a las \nnuevas regulaciones establecidas en la Ley de Partidos, Agrupaciones y \nMovimientos Pol\u00edticos.<\/p>\n\n\n\n<p> El Frente Amplio precis\u00f3 en su Convenci\u00f3n\n que en la actualidad su tarea pol\u00edtica consiste en desarrollar sus \nfuerzas, posicionar sus precandidaturas presidenciales y otras en el \n\u00e1mbito legislativo y municipal, con el prop\u00f3sito de ganar la candidatura\n presidencial de la Alianza Opositora, la cual ser\u00e1 concertada en el \nmomento que convenga.<\/p>\n\n\n\n<p> Adem\u00e1s, autoriz\u00f3 a su Comit\u00e9 Pol\u00edtico y a \nla Comisi\u00f3n Ejecutiva a desarrollar alianzas con todas las fuerzas \npol\u00edticas y sociales que permitan al partido verde y amarillo ganar \nalcald\u00edas, direcciones y posiciones de poder en gobiernos locales.<\/p>\n\n\n\n<p>  Por \u00faltimo, los delegados aprobaron que todos los integrantes del  Comit\u00e9 Pol\u00edtico, el presidente nacional, los vicepresidentes nacionales y  el secretario general se mantengan en sus cargos hasta la pr\u00f3xima  convenci\u00f3n en marzo del 2020. <\/p>\n\n\n\n<p style=\"text-align:right\">PL<\/p>\n","protected":false},"excerpt":{"rendered":"<p>SANTO DOMINGO, Rep\u00fablica Dominicana.- La IV Convenci\u00f3n Nacional del partido Frente Amplio abog\u00f3 hoy en esta capital por desplazar del gobierno en las elecciones de 2020 al Partido de la Liberaci\u00f3n Dominicana (PLD). En el evento partidista efectuado en Centro Ol\u00edmpico de Santo Domingo, con participaci\u00f3n de m\u00e1s de mil 300 delegados, tambi\u00e9n se reiter\u00f3 [&hellip;]<\/p>\n","protected":false},"author":1,"featured_media":0,"comment_status":"open","ping_status":"open","sticky":false,"template":"","format":"standard","meta":{"_bbp_topic_count":0,"_bbp_reply_count":0,"_bbp_total_topic_count":0,"_bbp_total_reply_count":0,"_bbp_voice_count":0,"_bbp_anonymous_reply_count":0,"_bbp_topic_count_hidden":0,"_bbp_reply_count_hidden":0,"_bbp_forum_subforum_count":0,"footnotes":""},"categories":[60,31],"tags":[],"class_list":{"0":"post-314581","1":"post","2":"type-post","3":"status-publish","4":"format-standard","6":"category-titulares-del-dia","7":"category-estados-unidos"},"_links":{"self":[{"href":"https:\/\/primermomento.com\/index.php?rest_route=\/wp\/v2\/posts\/314581","targetHints":{"allow":["GET"]}}],"collection":[{"href":"https:\/\/primermomento.com\/index.php?rest_route=\/wp\/v2\/posts"}],"about":[{"href":"https:\/\/primermomento.com\/index.php?rest_route=\/wp\/v2\/types\/post"}],"author":[{"embeddable":true,"href":"https:\/\/primermomento.com\/index.php?rest_route=\/wp\/v2\/users\/1"}],"replies":[{"embeddable":true,"href":"https:\/\/primermomento.com\/index.php?rest_route=%2Fwp%2Fv2%2Fcomments&post=314581"}],"version-history":[{"count":2,"href":"https:\/\/primermomento.com\/index.php?rest_route=\/wp\/v2\/posts\/314581\/revisions"}],"predecessor-version":[{"id":315147,"href":"https:\/\/primermomento.com\/index.php?rest_route=\/wp\/v2\/posts\/314581\/revisions\/315147"}],"wp:attachment":[{"href":"https:\/\/primermomento.com\/index.php?rest_route=%2Fwp%2Fv2%2Fmedia&parent=314581"}],"wp:term":[{"taxonomy":"category","embeddable":true,"href":"https:\/\/primermomento.com\/index.php?rest_route=%2Fwp%2Fv2%2Fcategories&post=314581"},{"taxonomy":"post_tag","embeddable":true,"href":"https:\/\/primermomento.com\/index.php?rest_route=%2Fwp%2Fv2%2Ftags&post=314581"}],"curies":[{"name":"wp","href":"https:\/\/api.w.org\/{rel}","templated":true}]}}