{"id":314585,"date":"2019-01-27T17:39:55","date_gmt":"2019-01-27T21:39:55","guid":{"rendered":"http:\/\/primermomento.com\/?p=314585"},"modified":"2019-01-27T17:39:57","modified_gmt":"2019-01-27T21:39:57","slug":"festejan-nacimiento-de-duarte-quique-antun-exhorta-a-dominicanos-convertirse-en-centinela-de-la-patria","status":"publish","type":"post","link":"https:\/\/primermomento.com\/?p=314585","title":{"rendered":"Festejan nacimiento de Duarte; Quique Ant\u00fan exhorta a dominicanos convertirse en centinela de la patria"},"content":{"rendered":"\n<p>NUEVA YORK, Nueva York.- El Instituto Duartiano-NY festej\u00f3 la noche de este s\u00e1bado el 206 natalicio del fundador de la Rep\u00fablica Dominicana ante m\u00e1s de 300 dominicanos, entre ellos jueces, profesionales, empresarios, pol\u00edticos, comunitarios, religiosos y ciudadanos comunes.<\/p>\n\n\n\n<figure class=\"wp-block-image\"><img loading=\"lazy\" decoding=\"async\" width=\"680\" height=\"482\" src=\"http:\/\/primermomento.com\/wp-content\/uploads\/2019\/01\/Festejan-en-NY-nacimiento-Duarte-Quique-Ant\u00fan-exhorta-a-dominicanos-convertirse-en-centinela-de-la-patria.jpg\" alt=\"\" class=\"wp-image-314586\" srcset=\"https:\/\/primermomento.com\/wp-content\/uploads\/2019\/01\/Festejan-en-NY-nacimiento-Duarte-Quique-Ant\u00fan-exhorta-a-dominicanos-convertirse-en-centinela-de-la-patria.jpg 680w, https:\/\/primermomento.com\/wp-content\/uploads\/2019\/01\/Festejan-en-NY-nacimiento-Duarte-Quique-Ant\u00fan-exhorta-a-dominicanos-convertirse-en-centinela-de-la-patria-300x213.jpg 300w, https:\/\/primermomento.com\/wp-content\/uploads\/2019\/01\/Festejan-en-NY-nacimiento-Duarte-Quique-Ant\u00fan-exhorta-a-dominicanos-convertirse-en-centinela-de-la-patria-110x77.jpg 110w, https:\/\/primermomento.com\/wp-content\/uploads\/2019\/01\/Festejan-en-NY-nacimiento-Duarte-Quique-Ant\u00fan-exhorta-a-dominicanos-convertirse-en-centinela-de-la-patria-500x354.jpg 500w, https:\/\/primermomento.com\/wp-content\/uploads\/2019\/01\/Festejan-en-NY-nacimiento-Duarte-Quique-Ant\u00fan-exhorta-a-dominicanos-convertirse-en-centinela-de-la-patria-280x198.jpg 280w, https:\/\/primermomento.com\/wp-content\/uploads\/2019\/01\/Festejan-en-NY-nacimiento-Duarte-Quique-Ant\u00fan-exhorta-a-dominicanos-convertirse-en-centinela-de-la-patria-638x452.jpg 638w, https:\/\/primermomento.com\/wp-content\/uploads\/2019\/01\/Festejan-en-NY-nacimiento-Duarte-Quique-Ant\u00fan-exhorta-a-dominicanos-convertirse-en-centinela-de-la-patria-118x84.jpg 118w, https:\/\/primermomento.com\/wp-content\/uploads\/2019\/01\/Festejan-en-NY-nacimiento-Duarte-Quique-Ant\u00fan-exhorta-a-dominicanos-convertirse-en-centinela-de-la-patria-479x340.jpg 479w\" sizes=\"auto, (max-width: 680px) 100vw, 680px\" \/><\/figure>\n\n\n\n<p>El orador principal fue el presidente del\nPartido Reformista Social Cristiano (PRSC, Federico Ant\u00fan Batlle, quien dict\u00f3\nla charla \u201cEl pensamiento de Duarte, una tarea pendiente en la RD\u201d.<\/p>\n\n\n\n<p>Un mensaje del c\u00f3nsul\nCarlos Castillo fue le\u00eddo al p\u00fablico, ya que no pudo estar presente debido a compromisos\nineludibles atinente a sus funciones diplom\u00e1ticas.<\/p>\n\n\n\n<p>El presidente del Instituto, Miguel\nEstrella, present\u00f3 al ingeniero Ant\u00fan Batlle, quien inici\u00f3 su discurso\nhaci\u00e9ndole un llamado a los presentes y dem\u00e1s connacionales en el exterior a\nconvertirse en centinela de la patria, porque de lo contrario, en breve plazo,\nhabremos perdido el pa\u00eds.<\/p>\n\n\n\n<p>\u201cUstedes est\u00e1n\nllamados a devolverle a la naci\u00f3n quisqueyana la esperanza de recuperar nuestra\npatria, que se pierde poco a poco\u201d, dijo.<\/p>\n\n\n\n<p>Sostuvo que Duarte fue el propulsor ide\u00f3logo\nde nuestra naci\u00f3n. \u201cA \u00e9l le debemos los fundamentos de nuestro pa\u00eds, los\nprincipios b\u00e1sicos como parte de su legado pol\u00edtico permanecen inconcluso, casi\nplenamente, nuestra rep\u00fablica espera que esos principios sean concretizados,\nestamos obligados a impulsar el pensamiento duartiano y a procurar que sus\nideas se cumplan en un estado moderno, justo, pr\u00f3spero y transparente\u201d, indic\u00f3.<\/p>\n\n\n\n<p>A\u00f1adi\u00f3 que no continuemos con el paganismo\na que hemos conducido el pa\u00eds en los \u00faltimos 30 a\u00f1os, sino que volvamos a nuestros\nprincipios y valores para cumplir el sue\u00f1o y principios de Duarte. \u201cSu\npensamiento tiene que ser acogido por los dominicanos, no solo por los que\ngobiernan, sino por todo el pueblo\u201d, manifest\u00f3.<\/p>\n\n\n\n<p>\u201cA los que nos duele el pa\u00eds, porque de\nseguir viviendo de espalda a sus principios \u00e9ticos, nacionalistas y\npatri\u00f3ticos, y no tengo dudas de que m\u00e1s temprano que tarde nuestra naci\u00f3n\nsucumbir\u00eda en un profundo abismo que pudiera llevarnos como pa\u00eds a desaparecer\ny convertirnos&nbsp;en un estado fallido\u201d, sentenci\u00f3 Ant\u00fan Batlle.<\/p>\n\n\n\n<p>Especific\u00f3 que Duarte expresaba, \u201csiendo\nla independencia nacional la fuente y garant\u00eda de la libertades\npatria,&nbsp;&nbsp;la ley suprema del pueblo dominicano, es y ser\u00e1 siempre su\nindependencia pol\u00edtica como naci\u00f3n libre e independiente que todo dominicano\nanhela, sin intervenci\u00f3n, injerencia extranjera, y todo gobernante o gobernado\nen la contraria, de cualquier modo que sea queda, ipso facto, fuera de la ley\u201d.<\/p>\n\n\n\n<p>Manifest\u00f3 que, \u201ctristemente\u201d,\n\u201ctristemente\u201d algunos de nuestros gobernantes se han mostrados \u201cdoblegados\u201d\nantes el poder econ\u00f3micos de potencias extranjeras en querer fusionar la RD con\nHait\u00ed y debemos estar unidos para evitar que eso pueda suceder.<\/p>\n\n\n\n<p>\u201cSobre la soberan\u00eda nacional, Duarte\nentend\u00eda como un principio innegociable, y su frase m\u00e1s emblem\u00e1tica es \u2018Nuestra\npatria ha de ser libre e independiente de toda potencia extranjera o se hunde\nla isla\u2019. \u00c9l siempre tuvo encendida la llama del patriotismo en su coraz\u00f3n y su\nintransigente defensa a favor de nuestra independencia\u201d, sentenci\u00f3.<\/p>\n\n\n\n<p>Ant\u00fan Batlle afirm\u00f3 \u201cHoy, nuestra\nindependencia y soberan\u00eda est\u00e1n amenazadas&nbsp;&nbsp;por la masiva inmigraci\u00f3n,\nprincipalmente,&nbsp;&nbsp;por la haitiana hacia nuestro territorio,\nconciliarnos entre dominicanos y haitianos, entre nuestros gobiernos, se viene\narmando desde hace tiempo en inter\u00e9s de cercenar la independencia y soberan\u00eda,\ncon el inter\u00e9s de unir a ambos pa\u00edses en una sola isla\u201d.<\/p>\n\n\n\n<p>\u201cPareciera que la\npr\u00e9dica de nuestro fundador ha ca\u00eddo en el vac\u00edo&nbsp;&nbsp;y por tanto la\nlucha por mantener nuestra independencia y soberan\u00eda se convierte de nuevo en\nuna tarea por terminar\u201d, subray\u00f3.<\/p>\n\n\n\n<p>En el acto, realizado en el Astoria World Manor, ubicado en el 2522 de Astoria Blvd, Queens, fueron reconocidos decenas de dominicanos, donde a decir de algunos de los presentes, \u201cni\u00a0son todos los que\u00a0est\u00e1n,\u00a0ni est\u00e1n todos los que son\u201d. Se brind\u00f3 un buffet, diferentes bebidas y m\u00fasica bailable.<\/p>\n\n\n\n<p style=\"text-align:right\">Ram\u00f3n Mercedes<\/p>\n","protected":false},"excerpt":{"rendered":"<p>NUEVA YORK, Nueva York.- El Instituto Duartiano-NY festej\u00f3 la noche de este s\u00e1bado el 206 natalicio del fundador de la Rep\u00fablica Dominicana ante m\u00e1s de 300 dominicanos, entre ellos jueces, profesionales, empresarios, pol\u00edticos, comunitarios, religiosos y ciudadanos comunes. El orador principal fue el presidente del Partido Reformista Social Cristiano (PRSC, Federico Ant\u00fan Batlle, quien dict\u00f3 [&hellip;]<\/p>\n","protected":false},"author":1,"featured_media":0,"comment_status":"open","ping_status":"open","sticky":false,"template":"","format":"standard","meta":{"_bbp_topic_count":0,"_bbp_reply_count":0,"_bbp_total_topic_count":0,"_bbp_total_reply_count":0,"_bbp_voice_count":0,"_bbp_anonymous_reply_count":0,"_bbp_topic_count_hidden":0,"_bbp_reply_count_hidden":0,"_bbp_forum_subforum_count":0,"footnotes":""},"categories":[60,31],"tags":[],"class_list":{"0":"post-314585","1":"post","2":"type-post","3":"status-publish","4":"format-standard","6":"category-titulares-del-dia","7":"category-estados-unidos"},"_links":{"self":[{"href":"https:\/\/primermomento.com\/index.php?rest_route=\/wp\/v2\/posts\/314585","targetHints":{"allow":["GET"]}}],"collection":[{"href":"https:\/\/primermomento.com\/index.php?rest_route=\/wp\/v2\/posts"}],"about":[{"href":"https:\/\/primermomento.com\/index.php?rest_route=\/wp\/v2\/types\/post"}],"author":[{"embeddable":true,"href":"https:\/\/primermomento.com\/index.php?rest_route=\/wp\/v2\/users\/1"}],"replies":[{"embeddable":true,"href":"https:\/\/primermomento.com\/index.php?rest_route=%2Fwp%2Fv2%2Fcomments&post=314585"}],"version-history":[{"count":1,"href":"https:\/\/primermomento.com\/index.php?rest_route=\/wp\/v2\/posts\/314585\/revisions"}],"predecessor-version":[{"id":314587,"href":"https:\/\/primermomento.com\/index.php?rest_route=\/wp\/v2\/posts\/314585\/revisions\/314587"}],"wp:attachment":[{"href":"https:\/\/primermomento.com\/index.php?rest_route=%2Fwp%2Fv2%2Fmedia&parent=314585"}],"wp:term":[{"taxonomy":"category","embeddable":true,"href":"https:\/\/primermomento.com\/index.php?rest_route=%2Fwp%2Fv2%2Fcategories&post=314585"},{"taxonomy":"post_tag","embeddable":true,"href":"https:\/\/primermomento.com\/index.php?rest_route=%2Fwp%2Fv2%2Ftags&post=314585"}],"curies":[{"name":"wp","href":"https:\/\/api.w.org\/{rel}","templated":true}]}}