{"id":314588,"date":"2019-01-27T16:40:11","date_gmt":"2019-01-27T20:40:11","guid":{"rendered":"http:\/\/primermomento.com\/?p=314588"},"modified":"2019-01-27T17:43:10","modified_gmt":"2019-01-27T21:43:10","slug":"quique-antun-juramenta-en-ny-cerca-de-centenar-de-nuevos-reformistas","status":"publish","type":"post","link":"https:\/\/primermomento.com\/?p=314588","title":{"rendered":"Quique Ant\u00fan juramenta en NY cerca de centenar de nuevos reformistas"},"content":{"rendered":"\n<p>NUEVA YORK, Nueva York.- Cerca de un centenar de nuevos miembros del Partido Reformista Social Cristiano (PRSC) fueron juramentados la noche de este viernes en El Bronx por su presidente, Federico Ant\u00fan Batlle (Quique).<\/p>\n\n\n\n<figure class=\"wp-block-image\"><img loading=\"lazy\" decoding=\"async\" width=\"573\" height=\"387\" src=\"http:\/\/primermomento.com\/wp-content\/uploads\/2019\/01\/Quique-Ant\u00fan-juramenta-en-NY-cerca-centenar-nuevos-reformistas.jpg\" alt=\"\" class=\"wp-image-314589\" srcset=\"https:\/\/primermomento.com\/wp-content\/uploads\/2019\/01\/Quique-Ant\u00fan-juramenta-en-NY-cerca-centenar-nuevos-reformistas.jpg 573w, https:\/\/primermomento.com\/wp-content\/uploads\/2019\/01\/Quique-Ant\u00fan-juramenta-en-NY-cerca-centenar-nuevos-reformistas-300x203.jpg 300w, https:\/\/primermomento.com\/wp-content\/uploads\/2019\/01\/Quique-Ant\u00fan-juramenta-en-NY-cerca-centenar-nuevos-reformistas-73x50.jpg 73w, https:\/\/primermomento.com\/wp-content\/uploads\/2019\/01\/Quique-Ant\u00fan-juramenta-en-NY-cerca-centenar-nuevos-reformistas-500x338.jpg 500w, https:\/\/primermomento.com\/wp-content\/uploads\/2019\/01\/Quique-Ant\u00fan-juramenta-en-NY-cerca-centenar-nuevos-reformistas-280x189.jpg 280w, https:\/\/primermomento.com\/wp-content\/uploads\/2019\/01\/Quique-Ant\u00fan-juramenta-en-NY-cerca-centenar-nuevos-reformistas-60x40.jpg 60w, https:\/\/primermomento.com\/wp-content\/uploads\/2019\/01\/Quique-Ant\u00fan-juramenta-en-NY-cerca-centenar-nuevos-reformistas-118x80.jpg 118w, https:\/\/primermomento.com\/wp-content\/uploads\/2019\/01\/Quique-Ant\u00fan-juramenta-en-NY-cerca-centenar-nuevos-reformistas-479x324.jpg 479w\" sizes=\"auto, (max-width: 573px) 100vw, 573px\" \/><\/figure>\n\n\n\n<p>En el mismo, Ant\u00fan\nBatlle les manifest\u00f3 a los nuevos militantes que no vino a decir discurso\npol\u00edtico, sino a juramentar gente nueva y expresarle los lineamientos del\npartido, para que sepan lo que est\u00e1n asumiendo.<\/p>\n\n\n\n<p>\u201cEstamos unidos en el prop\u00f3sito de que estamos\ntrillando el camino propio, en la b\u00fasqueda de regenerar la naci\u00f3n dominicana.\n\u201cA partir de ahora para ser dirigente hay que dirigir gente, y nadie que no\ndirija gente podr\u00e1 ser directivo de ninguno de los \u00f3rganos del partido\u201d,\nprecis\u00f3.&nbsp;<\/p>\n\n\n\n<p>\u201cHay que hacer sub directorios con base familiar\ny amistades que sean leales, porque no estamos aspirando a tener gente\nmasivamente, lo masivo lo vamos a lograr con las propuestas que le vamos hacer\na todos los dominicanos de transformar el pa\u00eds desde el gobierno\u201d, agreg\u00f3.<\/p>\n\n\n\n<p>\u201cAh\u00ed se va a sumar el buen dominicano a la causa\ndel partido, pero debemos darle estructura que nos haga permisible de escoger\ndirectivas y candidatos\u201d, indic\u00f3.<\/p>\n\n\n\n<p>\u201cMe siento\ncompromisario de lo que est\u00e1 pasando en mi pa\u00eds, porque en el 1996 fui de los\nart\u00edfices de seguir al doctor Balaguer y articular todo para que el gobierno\n(PLD) asumiera el poder, y cuando uno se arrepiente tiene que hacer su tarea\npara que Dios lo perdone y estoy en eso, haciendo mi tarea para que Dios y el\npueblo dominicano me perdonen\u201d, expres\u00f3.<\/p>\n\n\n\n<p>Proclam\u00f3, \u201csi todos\ntrabajamos unidos, con lealtad, firmeza, dedicaci\u00f3n y perseverancia no hay\ndudas que el reformismo volver\u00e1 a imprimir la historia gloriosa y se convertir\u00e1\nen instrumento del pueblo dominicano\u201d.<\/p>\n\n\n\n<p>\u201cUstedes est\u00e1n\nllamados a decidir el futuro de la naci\u00f3n, si hoy todav\u00eda hay RD, patria y\nnaci\u00f3n se debe a la gesti\u00f3n del PRSC y al doctor Balaguer, porque ciertamente\nel reformismo ha sido el partido que mejor ha gobernado el pa\u00eds, porque lo hizo\ncon patriotismo y vocaci\u00f3n de servicio\u201d, asegur\u00f3.<\/p>\n\n\n\n<p>Explic\u00f3 que los\nquisqueyanos de ultramar representan el 10 % en las elecciones del 2020, y\nconstituyen la provincia m\u00e1s grande de RD, pero no toman conciencia de ello;\n\u201cadem\u00e1s ustedes aportan el 8 % del Producto Interno Bruto (PIB)&nbsp;&nbsp;y no\nson atendidos en lo m\u00e1s m\u00ednimo, ustedes son como la vaca lechera que se utiliza\nsolamente para sacarle leche\u201d.<\/p>\n\n\n\n<p>A\u00f1adi\u00f3, \u201custedes\ntienen que contribuir a generar el cambio, porque no son llamados a obedecer\nlineamientos por prebendas ni privilegios que le puedan dar desde el poder, si\nse mantuvieran alineados generar\u00edan el cambio en el pa\u00eds.\u201d&nbsp;<\/p>\n\n\n\n<p>Afirm\u00f3 que esta juramentaci\u00f3n es se\u00f1al de que\navanzamos y los dirigentes de la filial han asumido con firmeza los trabajos\ndel plan de organizaci\u00f3n, electoral y capacitaci\u00f3n.<\/p>\n\n\n\n<p>\u201cLa unidad territorial de ultramar es\nfundamental, no solo para el crecimiento del partido, sino para recuperar la\nnaci\u00f3n, regenerarla, porque en ustedes vibra la patria m\u00e1s que muchos de los\nque estamos en territorio dominicano\u201d, sentenci\u00f3.<\/p>\n\n\n\n<p>En el acto habl\u00f3 Ram\u00f3n Rogelio Genao, secretario\ngeneral; Orlando Rosado, presidente de la filial, y Germ\u00e1n Ram\u00edrez Jr.,\nsecretario de ultramar.<\/p>\n\n\n\n<p>El maestro de ceremonia fue H\u00e9ctor Ferreiras, secretario general de la filial. El mismo se desarroll\u00f3 a partir de las 8:00 de la noche en el 1781 de la avenida Jerome, con la calle <\/p>\n\n\n\n<p style=\"text-align:right\">Ram\u00f3n Mercedes<\/p>\n","protected":false},"excerpt":{"rendered":"<p>NUEVA YORK, Nueva York.- Cerca de un centenar de nuevos miembros del Partido Reformista Social Cristiano (PRSC) fueron juramentados la noche de este viernes en El Bronx por su presidente, Federico Ant\u00fan Batlle (Quique). En el mismo, Ant\u00fan Batlle les manifest\u00f3 a los nuevos militantes que no vino a decir discurso pol\u00edtico, sino a juramentar [&hellip;]<\/p>\n","protected":false},"author":1,"featured_media":0,"comment_status":"open","ping_status":"open","sticky":false,"template":"","format":"standard","meta":{"_bbp_topic_count":0,"_bbp_reply_count":0,"_bbp_total_topic_count":0,"_bbp_total_reply_count":0,"_bbp_voice_count":0,"_bbp_anonymous_reply_count":0,"_bbp_topic_count_hidden":0,"_bbp_reply_count_hidden":0,"_bbp_forum_subforum_count":0,"footnotes":""},"categories":[60,31],"tags":[],"class_list":{"0":"post-314588","1":"post","2":"type-post","3":"status-publish","4":"format-standard","6":"category-titulares-del-dia","7":"category-estados-unidos"},"_links":{"self":[{"href":"https:\/\/primermomento.com\/index.php?rest_route=\/wp\/v2\/posts\/314588","targetHints":{"allow":["GET"]}}],"collection":[{"href":"https:\/\/primermomento.com\/index.php?rest_route=\/wp\/v2\/posts"}],"about":[{"href":"https:\/\/primermomento.com\/index.php?rest_route=\/wp\/v2\/types\/post"}],"author":[{"embeddable":true,"href":"https:\/\/primermomento.com\/index.php?rest_route=\/wp\/v2\/users\/1"}],"replies":[{"embeddable":true,"href":"https:\/\/primermomento.com\/index.php?rest_route=%2Fwp%2Fv2%2Fcomments&post=314588"}],"version-history":[{"count":1,"href":"https:\/\/primermomento.com\/index.php?rest_route=\/wp\/v2\/posts\/314588\/revisions"}],"predecessor-version":[{"id":314590,"href":"https:\/\/primermomento.com\/index.php?rest_route=\/wp\/v2\/posts\/314588\/revisions\/314590"}],"wp:attachment":[{"href":"https:\/\/primermomento.com\/index.php?rest_route=%2Fwp%2Fv2%2Fmedia&parent=314588"}],"wp:term":[{"taxonomy":"category","embeddable":true,"href":"https:\/\/primermomento.com\/index.php?rest_route=%2Fwp%2Fv2%2Fcategories&post=314588"},{"taxonomy":"post_tag","embeddable":true,"href":"https:\/\/primermomento.com\/index.php?rest_route=%2Fwp%2Fv2%2Ftags&post=314588"}],"curies":[{"name":"wp","href":"https:\/\/api.w.org\/{rel}","templated":true}]}}