{"id":314595,"date":"2019-01-27T15:48:47","date_gmt":"2019-01-27T19:48:47","guid":{"rendered":"http:\/\/primermomento.com\/?p=314595"},"modified":"2019-01-27T17:51:20","modified_gmt":"2019-01-27T21:51:20","slug":"afirma-llevara-mensaje-de-reeleccion-a-mas-de-un-millon-de-dominicanos-en-eeuu","status":"publish","type":"post","link":"https:\/\/primermomento.com\/?p=314595","title":{"rendered":"Afirma llevar\u00e1 mensaje de reelecci\u00f3n a m\u00e1s de un mill\u00f3n de dominicanos en EEUU"},"content":{"rendered":"\n<p>NUEVA YORK, Nueva York.- M\u00e1s de un mill\u00f3n de dominicanos, residentes en diferentes estados de los Estados Unidos, recibir\u00e1n el mensaje sobre la reelecci\u00f3n del presidente Danilo Medina (2020-24), por parte del doctor Yomare Polanco, fundador del movimiento pol\u00edtico \u201cNo Importa el Color, la Estrella es Danilo\u201d.<\/p>\n\n\n\n<div class=\"wp-block-image\"><figure class=\"aligncenter\"><img loading=\"lazy\" decoding=\"async\" width=\"533\" height=\"507\" src=\"http:\/\/primermomento.com\/wp-content\/uploads\/2018\/12\/Inversiones-demuestran-presidente-Medina-se-preocupa-por-los-dominicanos.jpg\" alt=\"\" class=\"wp-image-312928\" srcset=\"https:\/\/primermomento.com\/wp-content\/uploads\/2018\/12\/Inversiones-demuestran-presidente-Medina-se-preocupa-por-los-dominicanos.jpg 533w, https:\/\/primermomento.com\/wp-content\/uploads\/2018\/12\/Inversiones-demuestran-presidente-Medina-se-preocupa-por-los-dominicanos-300x285.jpg 300w, https:\/\/primermomento.com\/wp-content\/uploads\/2018\/12\/Inversiones-demuestran-presidente-Medina-se-preocupa-por-los-dominicanos-500x476.jpg 500w, https:\/\/primermomento.com\/wp-content\/uploads\/2018\/12\/Inversiones-demuestran-presidente-Medina-se-preocupa-por-los-dominicanos-231x220.jpg 231w, https:\/\/primermomento.com\/wp-content\/uploads\/2018\/12\/Inversiones-demuestran-presidente-Medina-se-preocupa-por-los-dominicanos-118x112.jpg 118w, https:\/\/primermomento.com\/wp-content\/uploads\/2018\/12\/Inversiones-demuestran-presidente-Medina-se-preocupa-por-los-dominicanos-479x456.jpg 479w, https:\/\/primermomento.com\/wp-content\/uploads\/2018\/12\/Inversiones-demuestran-presidente-Medina-se-preocupa-por-los-dominicanos-30x30.jpg 30w\" sizes=\"auto, (max-width: 533px) 100vw, 533px\" \/><figcaption>Yomare Polanco.<\/figcaption><\/figure><\/div>\n\n\n\n<p>Polanco, un reconocido l\u00edder comunitario interestatal, expres\u00f3 que inici\u00f3 una agresiva campa\u00f1a presentando y demostrando el porqu\u00e9 Medina le conviene al pa\u00eds que contin\u00fae al frente de la presidencia de la rep\u00fablica, destacando que desarrolla pol\u00edticas con la gente y para la gente en todo el pa\u00eds, poniendo ejemplos de la revoluci\u00f3n educativa, el 911, la Nueva Barquita, aumento en m\u00e1s de 4.3 puntos porcentuales el financiamiento a trav\u00e9s del gobierno.\u00bb<\/p>\n\n\n\n<p>Tambi\u00e9n los dos mil 651 millones de pesos aprobados a 45 cooperativas y asociaciones sin fines de lucro, beneficiando a 60 mil 833 micro empresarios y micro empresarias, creando y fortaleciendo 124 mil 856 empleos.<\/p>\n\n\n\n<p>Adem\u00e1s la Banca Solidaria ha desembolsado 18 mil 719 millones de pesos beneficiando a 402 mil 625 peque\u00f1os comerciantes, de los cuales el 67% son mujeres, y el Banco Agr\u00edcola que desde el 2012 al 2017 hab\u00eda otorgado 145 mil 364 millones de pesos en pr\u00e9stamos, entre otras cosas.<\/p>\n\n\n\n<p>A\u00f1adi\u00f3 que esos son partes de los detalles que \u00e9l y su equipo har\u00e1n a los criollos en Nueva York, Nueva Jersey, Connectituc, Pensilvania, Virginia, Carolinas del Norte y Sur, Massachussetts, Providencia, Atlanta, Chicago, Ohio, y Miami, entre otros, donde la comunidad quisqueyana es numerosa, y el movimiento  cuenta con estructuras y un coordinador general, etambi\u00e9n en Canad\u00e1, Puerto Rico y Europa, asegur\u00f3.<\/p>\n\n\n\n<p>Asimismo dedicar\u00e1 una hora de cada domingo a la reelecci\u00f3n, a trav\u00e9s de un programa televisivo que produce por Super Canal, de 6:00 a 7:00 de la noche en EE.UU y de 7:00 a 8:00 P.M. en RD.<\/p>\n\n\n\n<p>A\u00f1adi\u00f3 que presentar\u00e1 a los quisqueyanos un video-merengue con el lema \u201cNo mueva a Danilo de ah\u00ed, deja a Danilo ah\u00ed\u201d, \u201cDanilo sigue cuatro a\u00f1os m\u00e1s\u201d y \u201cel presidente confiable\u201d, son los estribillos del merengue en la promoci\u00f3n reeleccionista, mostrando partes de las obras del mandatario, entre ellas escuelas, carreteras, puentes, el telef\u00e9rico, calles asfaltadas, avenidas, puentes, entre otras.<\/p>\n\n\n\n<p>El ingeniero Trini Tejeda, es el coordinador general de dicho movimiento.<\/p>\n\n\n\n<p style=\"text-align:right\">Ram\u00f3n Mercedes<\/p>\n","protected":false},"excerpt":{"rendered":"<p>NUEVA YORK, Nueva York.- M\u00e1s de un mill\u00f3n de dominicanos, residentes en diferentes estados de los Estados Unidos, recibir\u00e1n el mensaje sobre la reelecci\u00f3n del presidente Danilo Medina (2020-24), por parte del doctor Yomare Polanco, fundador del movimiento pol\u00edtico \u201cNo Importa el Color, la Estrella es Danilo\u201d. Polanco, un reconocido l\u00edder comunitario interestatal, expres\u00f3 que [&hellip;]<\/p>\n","protected":false},"author":1,"featured_media":0,"comment_status":"open","ping_status":"open","sticky":false,"template":"","format":"standard","meta":{"_bbp_topic_count":0,"_bbp_reply_count":0,"_bbp_total_topic_count":0,"_bbp_total_reply_count":0,"_bbp_voice_count":0,"_bbp_anonymous_reply_count":0,"_bbp_topic_count_hidden":0,"_bbp_reply_count_hidden":0,"_bbp_forum_subforum_count":0,"footnotes":""},"categories":[60,31],"tags":[],"class_list":{"0":"post-314595","1":"post","2":"type-post","3":"status-publish","4":"format-standard","6":"category-titulares-del-dia","7":"category-estados-unidos"},"_links":{"self":[{"href":"https:\/\/primermomento.com\/index.php?rest_route=\/wp\/v2\/posts\/314595","targetHints":{"allow":["GET"]}}],"collection":[{"href":"https:\/\/primermomento.com\/index.php?rest_route=\/wp\/v2\/posts"}],"about":[{"href":"https:\/\/primermomento.com\/index.php?rest_route=\/wp\/v2\/types\/post"}],"author":[{"embeddable":true,"href":"https:\/\/primermomento.com\/index.php?rest_route=\/wp\/v2\/users\/1"}],"replies":[{"embeddable":true,"href":"https:\/\/primermomento.com\/index.php?rest_route=%2Fwp%2Fv2%2Fcomments&post=314595"}],"version-history":[{"count":1,"href":"https:\/\/primermomento.com\/index.php?rest_route=\/wp\/v2\/posts\/314595\/revisions"}],"predecessor-version":[{"id":314596,"href":"https:\/\/primermomento.com\/index.php?rest_route=\/wp\/v2\/posts\/314595\/revisions\/314596"}],"wp:attachment":[{"href":"https:\/\/primermomento.com\/index.php?rest_route=%2Fwp%2Fv2%2Fmedia&parent=314595"}],"wp:term":[{"taxonomy":"category","embeddable":true,"href":"https:\/\/primermomento.com\/index.php?rest_route=%2Fwp%2Fv2%2Fcategories&post=314595"},{"taxonomy":"post_tag","embeddable":true,"href":"https:\/\/primermomento.com\/index.php?rest_route=%2Fwp%2Fv2%2Ftags&post=314595"}],"curies":[{"name":"wp","href":"https:\/\/api.w.org\/{rel}","templated":true}]}}