{"id":314597,"date":"2019-01-27T07:52:05","date_gmt":"2019-01-27T11:52:05","guid":{"rendered":"http:\/\/primermomento.com\/?p=314597"},"modified":"2019-01-27T17:55:13","modified_gmt":"2019-01-27T21:55:13","slug":"prsc-lamenta-medina-culpe-deportados-de-delincuencia-y-violencia-en-rd-apoya-la-odca-y-upla-sobre-venezuela","status":"publish","type":"post","link":"https:\/\/primermomento.com\/?p=314597","title":{"rendered":"PRSC lamenta Medina culpe deportados de delincuencia y violencia en RD; apoya la ODCA y UPLA sobre Venezuela"},"content":{"rendered":"\n<p>NUEVA YORK, Nueva York.- El presidente del Partido Reformista Social Cristiano (PRSC), Federico Ant\u00fan Batlle (Quique) lament\u00f3 que el presidente Danilo Medina expresara que los dominicanos deportados son los responsables de los actos delincuenciales y la violencia que existe en la Rep\u00fablica Dominicana.<\/p>\n\n\n\n<figure class=\"wp-block-image\"><img loading=\"lazy\" decoding=\"async\" width=\"680\" height=\"383\" src=\"http:\/\/primermomento.com\/wp-content\/uploads\/2018\/12\/danilo-medina-2019.jpeg\" alt=\"\" class=\"wp-image-313646\" srcset=\"https:\/\/primermomento.com\/wp-content\/uploads\/2018\/12\/danilo-medina-2019.jpeg 680w, https:\/\/primermomento.com\/wp-content\/uploads\/2018\/12\/danilo-medina-2019-300x169.jpeg 300w, https:\/\/primermomento.com\/wp-content\/uploads\/2018\/12\/danilo-medina-2019-478x270.jpeg 478w, https:\/\/primermomento.com\/wp-content\/uploads\/2018\/12\/danilo-medina-2019-500x282.jpeg 500w, https:\/\/primermomento.com\/wp-content\/uploads\/2018\/12\/danilo-medina-2019-280x158.jpeg 280w, https:\/\/primermomento.com\/wp-content\/uploads\/2018\/12\/danilo-medina-2019-638x359.jpeg 638w, https:\/\/primermomento.com\/wp-content\/uploads\/2018\/12\/danilo-medina-2019-118x66.jpeg 118w, https:\/\/primermomento.com\/wp-content\/uploads\/2018\/12\/danilo-medina-2019-479x270.jpeg 479w\" sizes=\"auto, (max-width: 680px) 100vw, 680px\" \/><figcaption>Danilo Medina.<\/figcaption><\/figure>\n\n\n\n<p>Asimismo,&nbsp;el l\u00edder reformista, quien se encuentra en la Gran\nManzana participando en varios eventos entre sus connacionales, expres\u00f3 que el\nPRSC suscribe las declaraciones de apoyo al pueblo venezolano y al nuevo\npresidente interino,&nbsp;Juan Guaid\u00f3.<\/p>\n\n\n\n<p>Dichas declaraciones fueron emitidas por&nbsp;la Organizaci\u00f3n Dem\u00f3crata\nCristina de Am\u00e9rica (ODCA) y la Uni\u00f3n de Partidos Latinoamericanos (UPLA).<\/p>\n\n\n\n<p>Con relaci\u00f3n a los deportados, a\u00f1adi\u00f3: \u201cSi ciertamente algunos han\ndelinquido aqu\u00ed, la informaci\u00f3n que tenemos es que la mayor\u00eda de ellos han sido\ndeportado por problemas menores y de inmigraci\u00f3n, que esta sociedad impone el\norden y eso lo respetamos porque entendemos que la inmigraci\u00f3n debe ser\nregulada en todas partes del mundo\u201d.<\/p>\n\n\n\n<p>Precis\u00f3 que el problema de la violencia y delincuencia m\u00e1s bien se debe\na la inequidad que hay en dominicana, la desigualdad que se ha acrecentado en\nlos \u00faltimos 22 a\u00f1os, la falta de fe, valores que desde los gobiernos en los\n\u00faltimos tiempos se ha predicado y los malos ejemplos que se le ha dado a la\nsociedad.<\/p>\n\n\n\n<p>Entiende que el mandatario se ha expresado en esos t\u00e9rminos para poder\njustificar la falta de capacidad para combatir la delincuencia porque se ha\ndejado y permitido llegar muy lejos.<\/p>\n\n\n\n<p>\u201cEs una manera de justificarse, porque el propio presidente sabe que el\nproblema no est\u00e1 ah\u00ed, el problema es m\u00e1s profundo, y est\u00e1 en la inequidad y la\nfalta de oportunidades que hay en el pueblo dominicano\u201d, sentenci\u00f3.&nbsp;<\/p>\n\n\n\n<p>\u201cNos identificamos con los dominicanos por el aporte que hacen desde el\nexterior a la econom\u00eda desde NY y otros lugares, y donde quiera que el\ndominicano va es a trabajar y lamentamos que se le utilice para recibir\nbeneficios, ya que aportan casi el 8 % del Producto Interno Bruto (PIB) en RD,\ncuando no le dan ning\u00fan tipo de reconocimiento ni de facilidad en el pa\u00eds\u201d,\nexpres\u00f3&nbsp;al asistir a un masivo encuentro este jueves con diferentes\nsectores de la comunidad quisqueyana en la iglesia que dirige el reverendo\nRub\u00e9n D\u00edaz en El Bronx.<\/p>\n\n\n\n<p>&nbsp;Sobre el caso de Venezuela, llam\u00f3 a Nicol\u00e1s Maduro a que abandone\npac\u00edficamente el poder para evitar un ba\u00f1o de sangre, porque ese pa\u00eds no\nresiste un d\u00eda m\u00e1s el desgobierno.<\/p>\n\n\n\n<p>&nbsp;\u201cY si \u00e9l no facilita la transici\u00f3n hacia la democracia, a las\nnaciones del mundo que apoyan al pueblo venezolano no le quedar\u00eda otra opci\u00f3n\nque implementar la fuerza para garantizar el retorno de la democracia\u201d,\nexpres\u00f3.<\/p>\n\n\n\n<p>\u00a0\u201cNos identificamos con los anhelos de cambio y la firme vocaci\u00f3n democr\u00e1tica del pueblo venezolano, que con el apoyo de la gran mayor\u00eda de naciones del mundo ha decidido poner fin a la barbarie y la dictadura que se vive en Venezuela\u201d, concluy\u00f3 Ant\u00fan Batlle.<\/p>\n\n\n\n<p style=\"text-align:right\">Ram\u00f3n Mercedes<\/p>\n","protected":false},"excerpt":{"rendered":"<p>NUEVA YORK, Nueva York.- El presidente del Partido Reformista Social Cristiano (PRSC), Federico Ant\u00fan Batlle (Quique) lament\u00f3 que el presidente Danilo Medina expresara que los dominicanos deportados son los responsables de los actos delincuenciales y la violencia que existe en la Rep\u00fablica Dominicana. Asimismo,&nbsp;el l\u00edder reformista, quien se encuentra en la Gran Manzana participando en [&hellip;]<\/p>\n","protected":false},"author":1,"featured_media":0,"comment_status":"open","ping_status":"open","sticky":false,"template":"","format":"standard","meta":{"_bbp_topic_count":0,"_bbp_reply_count":0,"_bbp_total_topic_count":0,"_bbp_total_reply_count":0,"_bbp_voice_count":0,"_bbp_anonymous_reply_count":0,"_bbp_topic_count_hidden":0,"_bbp_reply_count_hidden":0,"_bbp_forum_subforum_count":0,"footnotes":""},"categories":[60,31],"tags":[],"class_list":{"0":"post-314597","1":"post","2":"type-post","3":"status-publish","4":"format-standard","6":"category-titulares-del-dia","7":"category-estados-unidos"},"_links":{"self":[{"href":"https:\/\/primermomento.com\/index.php?rest_route=\/wp\/v2\/posts\/314597","targetHints":{"allow":["GET"]}}],"collection":[{"href":"https:\/\/primermomento.com\/index.php?rest_route=\/wp\/v2\/posts"}],"about":[{"href":"https:\/\/primermomento.com\/index.php?rest_route=\/wp\/v2\/types\/post"}],"author":[{"embeddable":true,"href":"https:\/\/primermomento.com\/index.php?rest_route=\/wp\/v2\/users\/1"}],"replies":[{"embeddable":true,"href":"https:\/\/primermomento.com\/index.php?rest_route=%2Fwp%2Fv2%2Fcomments&post=314597"}],"version-history":[{"count":1,"href":"https:\/\/primermomento.com\/index.php?rest_route=\/wp\/v2\/posts\/314597\/revisions"}],"predecessor-version":[{"id":314598,"href":"https:\/\/primermomento.com\/index.php?rest_route=\/wp\/v2\/posts\/314597\/revisions\/314598"}],"wp:attachment":[{"href":"https:\/\/primermomento.com\/index.php?rest_route=%2Fwp%2Fv2%2Fmedia&parent=314597"}],"wp:term":[{"taxonomy":"category","embeddable":true,"href":"https:\/\/primermomento.com\/index.php?rest_route=%2Fwp%2Fv2%2Fcategories&post=314597"},{"taxonomy":"post_tag","embeddable":true,"href":"https:\/\/primermomento.com\/index.php?rest_route=%2Fwp%2Fv2%2Ftags&post=314597"}],"curies":[{"name":"wp","href":"https:\/\/api.w.org\/{rel}","templated":true}]}}