{"id":314602,"date":"2019-01-27T09:58:06","date_gmt":"2019-01-27T13:58:06","guid":{"rendered":"http:\/\/primermomento.com\/?p=314602"},"modified":"2019-01-27T18:00:15","modified_gmt":"2019-01-27T22:00:15","slug":"liderazgo-hispano-sigue-endosando-a-concejal-rodriguez-para-defensor-del-pueblo","status":"publish","type":"post","link":"https:\/\/primermomento.com\/?p=314602","title":{"rendered":"Liderazgo hispano sigue endosando a concejal Rodr\u00edguez para Defensor del Pueblo"},"content":{"rendered":"\n<p>NUEVA YORK, Nueva York.- El concejal por el Alto Manhattan, Ydanis Rodr\u00edguez, sigue concitando el apoyo del liderazgo hispano en esta ciudad en sus aspiraciones para Defensor del Pueblo.<\/p>\n\n\n\n<figure class=\"wp-block-image\"><img loading=\"lazy\" decoding=\"async\" width=\"706\" height=\"436\" src=\"http:\/\/primermomento.com\/wp-content\/uploads\/2019\/01\/Liderazgo-hispano-NY-sigue-endosando-concejal-Rodriguez-para-Defensor-del-Pueblo-PRSC-tambi\u00e9n-apoya..jpg\" alt=\"\" class=\"wp-image-314603\" srcset=\"https:\/\/primermomento.com\/wp-content\/uploads\/2019\/01\/Liderazgo-hispano-NY-sigue-endosando-concejal-Rodriguez-para-Defensor-del-Pueblo-PRSC-tambi\u00e9n-apoya..jpg 706w, https:\/\/primermomento.com\/wp-content\/uploads\/2019\/01\/Liderazgo-hispano-NY-sigue-endosando-concejal-Rodriguez-para-Defensor-del-Pueblo-PRSC-tambi\u00e9n-apoya.-300x185.jpg 300w, https:\/\/primermomento.com\/wp-content\/uploads\/2019\/01\/Liderazgo-hispano-NY-sigue-endosando-concejal-Rodriguez-para-Defensor-del-Pueblo-PRSC-tambi\u00e9n-apoya.-500x309.jpg 500w, https:\/\/primermomento.com\/wp-content\/uploads\/2019\/01\/Liderazgo-hispano-NY-sigue-endosando-concejal-Rodriguez-para-Defensor-del-Pueblo-PRSC-tambi\u00e9n-apoya.-280x173.jpg 280w, https:\/\/primermomento.com\/wp-content\/uploads\/2019\/01\/Liderazgo-hispano-NY-sigue-endosando-concejal-Rodriguez-para-Defensor-del-Pueblo-PRSC-tambi\u00e9n-apoya.-638x394.jpg 638w, https:\/\/primermomento.com\/wp-content\/uploads\/2019\/01\/Liderazgo-hispano-NY-sigue-endosando-concejal-Rodriguez-para-Defensor-del-Pueblo-PRSC-tambi\u00e9n-apoya.-118x73.jpg 118w, https:\/\/primermomento.com\/wp-content\/uploads\/2019\/01\/Liderazgo-hispano-NY-sigue-endosando-concejal-Rodriguez-para-Defensor-del-Pueblo-PRSC-tambi\u00e9n-apoya.-479x296.jpg 479w\" sizes=\"auto, (max-width: 706px) 100vw, 706px\" \/><\/figure>\n\n\n\n<p>Entre dichos l\u00edderes figuran el reverendo y actual concejal por El\nBronx, Rub\u00e9n D\u00edaz; el presidente de Comunidad Unida del Bronx, George \u00c1lvarez;\nel presidente de la Federaci\u00f3n de Taxistas del Estado de NY, Antonio Cabrera;\nel ministro religioso Carlos Ozorio, y el presidente del PRSC, Federico Ant\u00fan\nBatlle (Quique), entre otros.<\/p>\n\n\n\n<p>El reverendo D\u00edaz proclam\u00f3 \u201cla comunidad dominicana debe seguir unida y\nfortalecida y&nbsp;hoy m\u00e1s que nunca es importante empoderar a nuestras\ncomunidades en la fe y la uni\u00f3n; es tiempo de seguir luchando de la mano por\nuna mejor comunidad y llamo a todos los quisqueyanos a no dejarse enga\u00f1ar ni\ndividir\u201d.<\/p>\n\n\n\n<p>Insisti\u00f3 en que es tiempo que todos permanezcamos unidos, llamando a los\npresentes salir a defender sus derechos y no dejarse arrebatar m\u00e1s posiciones\nelectas. &nbsp;<\/p>\n\n\n\n<p>\u201cLos dominicanos ya perdieron dos senadores y una asamble\u00edsta, ense\u00f1en\nque son dominicanos, que aman a su patria; ense\u00f1en que son dominicanos de pura\ncepa, y \u00fananse a un dominicano que lo est\u00e1 haciendo bien, un hombre que por m\u00e1s\nde 40 a\u00f1os ha servido a su gente, un hombre humilde y honesto; apoyen a este\nl\u00edder que siempre ha luchado por el bienestar de todos y es&nbsp;&nbsp;Ydanis\u201d,\nafirm\u00f3 &nbsp;D\u00edaz, durante un masivo evento efectuado este jueves en la iglesia\nque preside en El Bronx.<\/p>\n\n\n\n<p>Por su parte, el presidente del PRSC, Federico Ant\u00fan Batlle, dijo\u00a0compartir la misma visi\u00f3n de liderazgo de D\u00edaz\u00a0\u00a0y Rodr\u00edguez, instando a los presentes a seguir empoderando la comunidad, y pidi\u00f3 a todos elegir l\u00edderes que basen sus liderazgos en el bien de todos, como es el caso del concejal Ydanis.<\/p>\n\n\n\n<p style=\"text-align:right\">Ram\u00f3n Mercedes<\/p>\n","protected":false},"excerpt":{"rendered":"<p>NUEVA YORK, Nueva York.- El concejal por el Alto Manhattan, Ydanis Rodr\u00edguez, sigue concitando el apoyo del liderazgo hispano en esta ciudad en sus aspiraciones para Defensor del Pueblo. Entre dichos l\u00edderes figuran el reverendo y actual concejal por El Bronx, Rub\u00e9n D\u00edaz; el presidente de Comunidad Unida del Bronx, George \u00c1lvarez; el presidente de [&hellip;]<\/p>\n","protected":false},"author":1,"featured_media":0,"comment_status":"open","ping_status":"open","sticky":false,"template":"","format":"standard","meta":{"_bbp_topic_count":0,"_bbp_reply_count":0,"_bbp_total_topic_count":0,"_bbp_total_reply_count":0,"_bbp_voice_count":0,"_bbp_anonymous_reply_count":0,"_bbp_topic_count_hidden":0,"_bbp_reply_count_hidden":0,"_bbp_forum_subforum_count":0,"footnotes":""},"categories":[40,60],"tags":[],"class_list":{"0":"post-314602","1":"post","2":"type-post","3":"status-publish","4":"format-standard","6":"category-comunidad","7":"category-titulares-del-dia"},"_links":{"self":[{"href":"https:\/\/primermomento.com\/index.php?rest_route=\/wp\/v2\/posts\/314602","targetHints":{"allow":["GET"]}}],"collection":[{"href":"https:\/\/primermomento.com\/index.php?rest_route=\/wp\/v2\/posts"}],"about":[{"href":"https:\/\/primermomento.com\/index.php?rest_route=\/wp\/v2\/types\/post"}],"author":[{"embeddable":true,"href":"https:\/\/primermomento.com\/index.php?rest_route=\/wp\/v2\/users\/1"}],"replies":[{"embeddable":true,"href":"https:\/\/primermomento.com\/index.php?rest_route=%2Fwp%2Fv2%2Fcomments&post=314602"}],"version-history":[{"count":1,"href":"https:\/\/primermomento.com\/index.php?rest_route=\/wp\/v2\/posts\/314602\/revisions"}],"predecessor-version":[{"id":314604,"href":"https:\/\/primermomento.com\/index.php?rest_route=\/wp\/v2\/posts\/314602\/revisions\/314604"}],"wp:attachment":[{"href":"https:\/\/primermomento.com\/index.php?rest_route=%2Fwp%2Fv2%2Fmedia&parent=314602"}],"wp:term":[{"taxonomy":"category","embeddable":true,"href":"https:\/\/primermomento.com\/index.php?rest_route=%2Fwp%2Fv2%2Fcategories&post=314602"},{"taxonomy":"post_tag","embeddable":true,"href":"https:\/\/primermomento.com\/index.php?rest_route=%2Fwp%2Fv2%2Ftags&post=314602"}],"curies":[{"name":"wp","href":"https:\/\/api.w.org\/{rel}","templated":true}]}}