{"id":314605,"date":"2019-01-27T10:00:27","date_gmt":"2019-01-27T14:00:27","guid":{"rendered":"http:\/\/primermomento.com\/?p=314605"},"modified":"2019-01-27T18:02:22","modified_gmt":"2019-01-27T22:02:22","slug":"politicos-religiosos-profesionales-y-comunitarios-en-el-bronx-reciben-masivamente-a-quique-antun","status":"publish","type":"post","link":"https:\/\/primermomento.com\/?p=314605","title":{"rendered":"Pol\u00edticos, religiosos, profesionales y comunitarios en El Bronx reciben masivamente a Quique Ant\u00fan"},"content":{"rendered":"\n<p>NUEVA YORK, Nueva York.- Dominicanos residentes en El Bronx, entre ellos dirigentes pol\u00edticos, profesionales, l\u00edderes religiosos y comunitarios, recibieron masivamente este jueves al presidente del Partido Reformista Social Cristiano (PRSC), Federico Ant\u00fan Batlle (Quique), en la iglesia \u201cMinistros Hispanos de NY\u201d que preside el reverendo Rub\u00e9n D\u00edaz en el 1437 de la avenida Longfellow.<\/p>\n\n\n\n<figure class=\"wp-block-image\"><img loading=\"lazy\" decoding=\"async\" width=\"617\" height=\"605\" src=\"http:\/\/primermomento.com\/wp-content\/uploads\/2019\/01\/Pol\u00edticos-religiosos-profesionales-y-comunitarios-en-El-Bronx-reciben-masivamente-a-Quique-Ant\u00fan.jpg\" alt=\"\" class=\"wp-image-314606\" srcset=\"https:\/\/primermomento.com\/wp-content\/uploads\/2019\/01\/Pol\u00edticos-religiosos-profesionales-y-comunitarios-en-El-Bronx-reciben-masivamente-a-Quique-Ant\u00fan.jpg 617w, https:\/\/primermomento.com\/wp-content\/uploads\/2019\/01\/Pol\u00edticos-religiosos-profesionales-y-comunitarios-en-El-Bronx-reciben-masivamente-a-Quique-Ant\u00fan-300x294.jpg 300w, https:\/\/primermomento.com\/wp-content\/uploads\/2019\/01\/Pol\u00edticos-religiosos-profesionales-y-comunitarios-en-El-Bronx-reciben-masivamente-a-Quique-Ant\u00fan-50x50.jpg 50w, https:\/\/primermomento.com\/wp-content\/uploads\/2019\/01\/Pol\u00edticos-religiosos-profesionales-y-comunitarios-en-El-Bronx-reciben-masivamente-a-Quique-Ant\u00fan-500x490.jpg 500w, https:\/\/primermomento.com\/wp-content\/uploads\/2019\/01\/Pol\u00edticos-religiosos-profesionales-y-comunitarios-en-El-Bronx-reciben-masivamente-a-Quique-Ant\u00fan-224x220.jpg 224w, https:\/\/primermomento.com\/wp-content\/uploads\/2019\/01\/Pol\u00edticos-religiosos-profesionales-y-comunitarios-en-El-Bronx-reciben-masivamente-a-Quique-Ant\u00fan-118x116.jpg 118w, https:\/\/primermomento.com\/wp-content\/uploads\/2019\/01\/Pol\u00edticos-religiosos-profesionales-y-comunitarios-en-El-Bronx-reciben-masivamente-a-Quique-Ant\u00fan-479x470.jpg 479w, https:\/\/primermomento.com\/wp-content\/uploads\/2019\/01\/Pol\u00edticos-religiosos-profesionales-y-comunitarios-en-El-Bronx-reciben-masivamente-a-Quique-Ant\u00fan-30x30.jpg 30w\" sizes=\"auto, (max-width: 617px) 100vw, 617px\" \/><\/figure>\n\n\n\n<p>Ante m\u00e1s de un centenar de personas, el ingeniero Ant\u00fan Batlle sostuvo\nque el PRSC se identifica con los temas fundamentales que siempre predican los\npastores cristianos promoviendo un mundo mejor, porque el partido es sumamente\ncristiano, ya que est\u00e1 sustentado en la democracia cristiana y el\nsocialcristianismo.<\/p>\n\n\n\n<p>Afirm\u00f3 que hab\u00eda estudiado los planteamientos del reverendo D\u00edaz y\ntambi\u00e9n se identifica plenamente con \u00e9l, por una frase que dice \u201ccada pa\u00eds es\nsoberano y recibe los inmigrantes que considere\u201d, y nosotros (RD) somos una\nnaci\u00f3n soberana y estamos en derecho de organizar la inmigraci\u00f3n.<\/p>\n\n\n\n<p>Asimismo, manifest\u00f3 tener igual convencimiento de que el hombre y la\nmujer tienen derecho en su pleno desarrollo de vivir en armon\u00eda con la\nnaturaleza y con los principios cristianos, creemos en la dignidad, honor, el\nlibre albedr\u00edo, la libertad, la felicidad y el desarrollo integral del ser\nhumano.<\/p>\n\n\n\n<p>\u201cEl reverendo D\u00edaz ha manifestado que el aborto es como un holocausto y\nnosotros estamos de acuerdo, porque estamos a favor de la vida desde la\nconcepci\u00f3n hasta la muerte natural\u201d, dijo.<\/p>\n\n\n\n<p>Ant\u00fan Batlle a\u00f1adi\u00f3 que definitivamente hay que fomentar la vida como\nnos ense\u00f1a la sagrada escritura, defender nuestra soberan\u00eda nacional y admirar\nla entrega de los latinoamericanos al desarrollo de esta gran naci\u00f3n, como lo\nes EE.UU.<\/p>\n\n\n\n<p>En el acto hablaron el reverendo D\u00edaz; Carlos Ozorio, ministros religiosos; el concejal por el Alto Manhattan, Ydanis Rodr\u00edguez, quien aspira a \u201cDefensor del Pueblo\u201d; George \u00c1lvarez, presidente de Comunidad Unida del Bronx; y una nutrida delegaci\u00f3n de la filial reformista, encabezada por su presidente Orlando Rosado.<\/p>\n\n\n\n<p style=\"text-align:right\">Ram\u00f3n Mercedes<\/p>\n","protected":false},"excerpt":{"rendered":"<p>NUEVA YORK, Nueva York.- Dominicanos residentes en El Bronx, entre ellos dirigentes pol\u00edticos, profesionales, l\u00edderes religiosos y comunitarios, recibieron masivamente este jueves al presidente del Partido Reformista Social Cristiano (PRSC), Federico Ant\u00fan Batlle (Quique), en la iglesia \u201cMinistros Hispanos de NY\u201d que preside el reverendo Rub\u00e9n D\u00edaz en el 1437 de la avenida Longfellow. Ante [&hellip;]<\/p>\n","protected":false},"author":1,"featured_media":0,"comment_status":"open","ping_status":"open","sticky":false,"template":"","format":"standard","meta":{"_bbp_topic_count":0,"_bbp_reply_count":0,"_bbp_total_topic_count":0,"_bbp_total_reply_count":0,"_bbp_voice_count":0,"_bbp_anonymous_reply_count":0,"_bbp_topic_count_hidden":0,"_bbp_reply_count_hidden":0,"_bbp_forum_subforum_count":0,"footnotes":""},"categories":[60,31],"tags":[],"class_list":{"0":"post-314605","1":"post","2":"type-post","3":"status-publish","4":"format-standard","6":"category-titulares-del-dia","7":"category-estados-unidos"},"_links":{"self":[{"href":"https:\/\/primermomento.com\/index.php?rest_route=\/wp\/v2\/posts\/314605","targetHints":{"allow":["GET"]}}],"collection":[{"href":"https:\/\/primermomento.com\/index.php?rest_route=\/wp\/v2\/posts"}],"about":[{"href":"https:\/\/primermomento.com\/index.php?rest_route=\/wp\/v2\/types\/post"}],"author":[{"embeddable":true,"href":"https:\/\/primermomento.com\/index.php?rest_route=\/wp\/v2\/users\/1"}],"replies":[{"embeddable":true,"href":"https:\/\/primermomento.com\/index.php?rest_route=%2Fwp%2Fv2%2Fcomments&post=314605"}],"version-history":[{"count":1,"href":"https:\/\/primermomento.com\/index.php?rest_route=\/wp\/v2\/posts\/314605\/revisions"}],"predecessor-version":[{"id":314607,"href":"https:\/\/primermomento.com\/index.php?rest_route=\/wp\/v2\/posts\/314605\/revisions\/314607"}],"wp:attachment":[{"href":"https:\/\/primermomento.com\/index.php?rest_route=%2Fwp%2Fv2%2Fmedia&parent=314605"}],"wp:term":[{"taxonomy":"category","embeddable":true,"href":"https:\/\/primermomento.com\/index.php?rest_route=%2Fwp%2Fv2%2Fcategories&post=314605"},{"taxonomy":"post_tag","embeddable":true,"href":"https:\/\/primermomento.com\/index.php?rest_route=%2Fwp%2Fv2%2Ftags&post=314605"}],"curies":[{"name":"wp","href":"https:\/\/api.w.org\/{rel}","templated":true}]}}