{"id":314608,"date":"2019-01-28T14:39:51","date_gmt":"2019-01-28T18:39:51","guid":{"rendered":"http:\/\/primermomento.com\/?p=314608"},"modified":"2019-01-28T14:39:53","modified_gmt":"2019-01-28T18:39:53","slug":"concejal-hace-renombrar-calle-arzobispo-salvadoreno-arnulfo-romero","status":"publish","type":"post","link":"https:\/\/primermomento.com\/?p=314608","title":{"rendered":"Concejal hace renombrar calle arzobispo salvadore\u00f1o Arnulfo Romero"},"content":{"rendered":"\n<p>NUEVA YORK, Nueva York.- El concejal Ydanis Rodr\u00edguez hizo renombrar la calle 179 esquina Fort Washington, en el Alto Manhattan, como \u00abSan Arnulfo Romero de Am\u00e9rica Way\u00bb, \u00a0en honor al Arzobispo Arnulfo Romero, asesinado el 24 de marzo de 1980 durante una eucarist\u00eda en su iglesia en El Salvador.<\/p>\n\n\n\n<figure class=\"wp-block-image\"><img loading=\"lazy\" decoding=\"async\" width=\"679\" height=\"508\" src=\"http:\/\/primermomento.com\/wp-content\/uploads\/2019\/01\/Ydanis-hace-renombrar-calle-Alto-Manhattan-Arzobispo-Salvadore\u00f1o-Arnulfo-Romero.jpg\" alt=\"\" class=\"wp-image-314609\" srcset=\"https:\/\/primermomento.com\/wp-content\/uploads\/2019\/01\/Ydanis-hace-renombrar-calle-Alto-Manhattan-Arzobispo-Salvadore\u00f1o-Arnulfo-Romero.jpg 679w, https:\/\/primermomento.com\/wp-content\/uploads\/2019\/01\/Ydanis-hace-renombrar-calle-Alto-Manhattan-Arzobispo-Salvadore\u00f1o-Arnulfo-Romero-300x224.jpg 300w, https:\/\/primermomento.com\/wp-content\/uploads\/2019\/01\/Ydanis-hace-renombrar-calle-Alto-Manhattan-Arzobispo-Salvadore\u00f1o-Arnulfo-Romero-120x90.jpg 120w, https:\/\/primermomento.com\/wp-content\/uploads\/2019\/01\/Ydanis-hace-renombrar-calle-Alto-Manhattan-Arzobispo-Salvadore\u00f1o-Arnulfo-Romero-500x374.jpg 500w, https:\/\/primermomento.com\/wp-content\/uploads\/2019\/01\/Ydanis-hace-renombrar-calle-Alto-Manhattan-Arzobispo-Salvadore\u00f1o-Arnulfo-Romero-280x209.jpg 280w, https:\/\/primermomento.com\/wp-content\/uploads\/2019\/01\/Ydanis-hace-renombrar-calle-Alto-Manhattan-Arzobispo-Salvadore\u00f1o-Arnulfo-Romero-638x477.jpg 638w, https:\/\/primermomento.com\/wp-content\/uploads\/2019\/01\/Ydanis-hace-renombrar-calle-Alto-Manhattan-Arzobispo-Salvadore\u00f1o-Arnulfo-Romero-118x88.jpg 118w, https:\/\/primermomento.com\/wp-content\/uploads\/2019\/01\/Ydanis-hace-renombrar-calle-Alto-Manhattan-Arzobispo-Salvadore\u00f1o-Arnulfo-Romero-479x358.jpg 479w\" sizes=\"auto, (max-width: 679px) 100vw, 679px\" \/><\/figure>\n\n\n\n<p>\u00abHoy\nnos reunimos aqu\u00ed para honrar el legado de un verdadero defensor del pueblo, un\ndefensor de los derechos civiles, quien as\u00ed como nuestro Se\u00f1or Jesucristo,\nmuri\u00f3 por su gente\u00bb, dijo Rodr\u00edguez, quien gestion\u00f3 el cambio ante el\nConcejo Municipal.<\/p>\n\n\n\n<p>\u00abEste\nes un pa\u00eds de inmigrantes, y nosotros hemos tenido presencia en esta isla desde\nel 1613. No estamos mendigando, no estamos rogando, estamos diciendo que en\nNueva York somos el 29% de la poblaci\u00f3n total\u00bb, explic\u00f3.<\/p>\n\n\n\n<p>\u00abM\u00e1s\ndel 19% del presupuesto de esta urbe se invierte en educaci\u00f3n y la mayor\u00eda de\nese dinero se pierde, se mal utiliza; tenemos que resolver ese problema para\nque los recursos lleguen efectivamente a nuestros estudiantes\u00bb, dijo.<\/p>\n\n\n\n<p>\u00abY\npara nosotros seguir inspirados en mejorar esta sociedad tenemos que abrazarnos\ntodo el d\u00eda de figuras e individuos que son s\u00edmbolos mundiales como lo fue el\nArzobispo Arnulfo Romero\u00bb, puntualiz\u00f3 Rodr\u00edguez.<\/p>\n\n\n\n<p>Durante\nla ceremonia hablaron tambi\u00e9n el senador estatal Robert Jackson, quien destac\u00f3\nel esp\u00edritu de lucha del asesinado Arzobispo, a quien considera como un m\u00e1rtir\nsalvadore\u00f1o, al tiempo de aplaudir la iniciativa del concejal.<\/p>\n\n\n\n<p>\u00abToda\nla comunidad latina debe sentirse orgullosa con este renombramiento, d\u00e1ndole el\nnombre a este calle de una persona muy querida como lo fue Arnulfo\nRomero\u00bb, dijo Jackson, quien representa el distrito 31 en el Senado\nEstatal.<\/p>\n\n\n\n<p>Por\nsu parte, el sacerdote Luis Barrios se uni\u00f3 a la celebraci\u00f3n auspiciando una\nmisa en recordaci\u00f3n y exaltaci\u00f3n de su hom\u00f3logo salvadore\u00f1o.<\/p>\n\n\n\n<p>\u00abArnulfo\nRomero sigue vivo en nuestros corazones\u00bb, dijo Barrios. \u00abLa iglesia\ndebe promover los valores c\u00edvicos de las personas y en esta caso Arnulfo Romero\ntipifica el sentir nuestro\u00bb.<\/p>\n\n\n\n<p>El\nc\u00f3nsul de El Salvador, Adri\u00e1n Ignacio Zepeda Escalona, tambi\u00e9n se uni\u00f3 a la\ncelebraci\u00f3n.&nbsp;<\/p>\n\n\n\n<p>\u00abEl Salvador esta regocijado por este gran reconocimiento a una de nuestras figuras como lo fue el Arzobispo Arnulfo Romero\u00bb, dijo el diplom\u00e1tico.<\/p>\n\n\n\n<p style=\"text-align:right\">Ram\u00f3n Mercedes<\/p>\n","protected":false},"excerpt":{"rendered":"<p>NUEVA YORK, Nueva York.- El concejal Ydanis Rodr\u00edguez hizo renombrar la calle 179 esquina Fort Washington, en el Alto Manhattan, como \u00abSan Arnulfo Romero de Am\u00e9rica Way\u00bb, \u00a0en honor al Arzobispo Arnulfo Romero, asesinado el 24 de marzo de 1980 durante una eucarist\u00eda en su iglesia en El Salvador. \u00abHoy nos reunimos aqu\u00ed para honrar [&hellip;]<\/p>\n","protected":false},"author":1,"featured_media":0,"comment_status":"open","ping_status":"open","sticky":false,"template":"","format":"standard","meta":{"_bbp_topic_count":0,"_bbp_reply_count":0,"_bbp_total_topic_count":0,"_bbp_total_reply_count":0,"_bbp_voice_count":0,"_bbp_anonymous_reply_count":0,"_bbp_topic_count_hidden":0,"_bbp_reply_count_hidden":0,"_bbp_forum_subforum_count":0,"footnotes":""},"categories":[40,60],"tags":[],"class_list":{"0":"post-314608","1":"post","2":"type-post","3":"status-publish","4":"format-standard","6":"category-comunidad","7":"category-titulares-del-dia"},"_links":{"self":[{"href":"https:\/\/primermomento.com\/index.php?rest_route=\/wp\/v2\/posts\/314608","targetHints":{"allow":["GET"]}}],"collection":[{"href":"https:\/\/primermomento.com\/index.php?rest_route=\/wp\/v2\/posts"}],"about":[{"href":"https:\/\/primermomento.com\/index.php?rest_route=\/wp\/v2\/types\/post"}],"author":[{"embeddable":true,"href":"https:\/\/primermomento.com\/index.php?rest_route=\/wp\/v2\/users\/1"}],"replies":[{"embeddable":true,"href":"https:\/\/primermomento.com\/index.php?rest_route=%2Fwp%2Fv2%2Fcomments&post=314608"}],"version-history":[{"count":1,"href":"https:\/\/primermomento.com\/index.php?rest_route=\/wp\/v2\/posts\/314608\/revisions"}],"predecessor-version":[{"id":314610,"href":"https:\/\/primermomento.com\/index.php?rest_route=\/wp\/v2\/posts\/314608\/revisions\/314610"}],"wp:attachment":[{"href":"https:\/\/primermomento.com\/index.php?rest_route=%2Fwp%2Fv2%2Fmedia&parent=314608"}],"wp:term":[{"taxonomy":"category","embeddable":true,"href":"https:\/\/primermomento.com\/index.php?rest_route=%2Fwp%2Fv2%2Fcategories&post=314608"},{"taxonomy":"post_tag","embeddable":true,"href":"https:\/\/primermomento.com\/index.php?rest_route=%2Fwp%2Fv2%2Ftags&post=314608"}],"curies":[{"name":"wp","href":"https:\/\/api.w.org\/{rel}","templated":true}]}}