{"id":314611,"date":"2019-01-28T14:42:04","date_gmt":"2019-01-28T18:42:04","guid":{"rendered":"http:\/\/primermomento.com\/?p=314611"},"modified":"2019-01-28T14:42:06","modified_gmt":"2019-01-28T18:42:06","slug":"espaillat-apoyo-a-viverito-por-agradecimiento-y-ella-apoyar-comunidad-dominicana","status":"publish","type":"post","link":"https:\/\/primermomento.com\/?p=314611","title":{"rendered":"Espaillat: Apoyo a Viverito por agradecimiento y ella apoyar comunidad dominicana"},"content":{"rendered":"\n<p>NUEVA YORK, Nueva York.- El congresista por el distrito 13, Adriano Espaillat, decidi\u00f3 apoyar este domingo a la ex vocera del Concejo Municipal, Melissa Mark Viverito, a la posici\u00f3n de Defensor del Pueblo, en reciprocidad al apoyo que por ocho a\u00f1os consecutivos \u00e9sta ha brindado tanto a \u00e9l como a la comunidad dominicana.<\/p>\n\n\n\n<figure class=\"wp-block-image\"><img loading=\"lazy\" decoding=\"async\" width=\"618\" height=\"463\" src=\"http:\/\/primermomento.com\/wp-content\/uploads\/2019\/01\/Espaillat-Apoyo-a-Viverito-por-agradecimiento-y-ella-apoyar-comunidad-dominicana.jpg\" alt=\"\" class=\"wp-image-314612\" srcset=\"https:\/\/primermomento.com\/wp-content\/uploads\/2019\/01\/Espaillat-Apoyo-a-Viverito-por-agradecimiento-y-ella-apoyar-comunidad-dominicana.jpg 618w, https:\/\/primermomento.com\/wp-content\/uploads\/2019\/01\/Espaillat-Apoyo-a-Viverito-por-agradecimiento-y-ella-apoyar-comunidad-dominicana-300x225.jpg 300w, https:\/\/primermomento.com\/wp-content\/uploads\/2019\/01\/Espaillat-Apoyo-a-Viverito-por-agradecimiento-y-ella-apoyar-comunidad-dominicana-120x90.jpg 120w, https:\/\/primermomento.com\/wp-content\/uploads\/2019\/01\/Espaillat-Apoyo-a-Viverito-por-agradecimiento-y-ella-apoyar-comunidad-dominicana-500x375.jpg 500w, https:\/\/primermomento.com\/wp-content\/uploads\/2019\/01\/Espaillat-Apoyo-a-Viverito-por-agradecimiento-y-ella-apoyar-comunidad-dominicana-280x210.jpg 280w, https:\/\/primermomento.com\/wp-content\/uploads\/2019\/01\/Espaillat-Apoyo-a-Viverito-por-agradecimiento-y-ella-apoyar-comunidad-dominicana-118x88.jpg 118w, https:\/\/primermomento.com\/wp-content\/uploads\/2019\/01\/Espaillat-Apoyo-a-Viverito-por-agradecimiento-y-ella-apoyar-comunidad-dominicana-479x359.jpg 479w\" sizes=\"auto, (max-width: 618px) 100vw, 618px\" \/><\/figure>\n\n\n\n<p>Indic\u00f3 que Viverito es una gran amiga de los\ndem\u00f3cratas del Alto Manhattan por un Cambio, \u201cy como ustedes saben el pr\u00f3ximo\n26 de febrero tenemos elecciones para elegir al Defensor del Pueblo en esta\nciudad\u201d.<\/p>\n\n\n\n<p>Durante el acto de apoyo, celebrado este domingo en\nhoras de la tarde en el local del Club Dem\u00f3crata del Norte de Manhattan,\nubicado en el 210 de la avenida Sherman, en el sector de Inwood, Espaillat\nexpuso las razones por las que considera Mark Viverito lograr\u00e1 la posici\u00f3n.<\/p>\n\n\n\n<p>Primero porque tiene experiencia, fue portavoz del\nConcejo por cuatro a\u00f1os y concejal tambi\u00e9n por el sector del Barrio por muchos\na\u00f1os. Segundo por ser integra y honesta. Tercero por ser una mujer\nlatina.&nbsp;<\/p>\n\n\n\n<p>\u201cLa apoyo, no solo porque es mujer, tambi\u00e9n porque es\ncapacitada, una batalladora, luchadora, tambi\u00e9n porque soy agradecido y estoy\nagradecido del apoyo que me brindara a trav\u00e9s de los a\u00f1os, a cambio de nada\u201d,\ndijo.<\/p>\n\n\n\n<p>&nbsp;\u201cSiempre me apoy\u00f3 de manera transparente,\n\u00e9ticamente, nunca fue marrullera, fue sencilla, me apoy\u00f3 a cambio de nada, fue\nconsistente, estuvo ah\u00ed sin titubear, y por todo eso estamos apoy\u00e1ndola, porque\nella se lo merece\u201c, precis\u00f3 el congresista de origen dominicano.<\/p>\n\n\n\n<p>\u201cElla ha sido una gran amiga nuestra, no en tiempos\nbuenos, porque en tiempos buenos cualquier persona puede apoyar, pero en tiempo\nde crisis, a\u00f1os tras a\u00f1os, Viverito ha estado a nuestro lado, no en el Alto\nManhattan, donde a lo mejor es popular estar al lado de Espaillat, pero en\nHarlem, en la \u201ccueva del lobo\u201d estuvo apoy\u00e1ndome por muchos a\u00f1os\u201d, asegur\u00f3.<\/p>\n\n\n\n<p>\u201cActualmente el alcalde es un hombre, el contralor es\nun hombre, que necesitan una mujer de alto&nbsp;&nbsp;nivel de capacidad en el\nmunicipio, por eso estamos aqu\u00ed respald\u00e1ndola\u201d, reiter\u00f3.<\/p>\n\n\n\n<p>Por\nsu parte, Viverito dijo considerarse la persona con m\u00e1s preparaci\u00f3n entre todos\nlos candidatos, orgullosa de su congresista Espaillat y que lo apoy\u00f3 porque\nentend\u00eda que hab\u00eda una necesidad de que todos los sectores en el distrito 13\nestuviesen representados en&nbsp;<em>Washington.<\/em><\/p>\n\n\n\n<p><em>\u201cAhora \u00e9l (Adriano) me est\u00e1 apoyando a cambio de nada, al\nigual que el Club Dem\u00f3crata, a cambio de nada, por considerarla una mujer y la\nparte mujer debe estar representada por una mujer\u201d, dijo.<\/em><\/p>\n\n\n\n<p>El concejal por el distrito siete en el Alto Manhattan, Mark Levine, tambi\u00e9n hizo un llamado para apoyar a Viverito.<\/p>\n\n\n\n<p style=\"text-align:right\">Ram\u00f3n Mercedes<\/p>\n","protected":false},"excerpt":{"rendered":"<p>NUEVA YORK, Nueva York.- El congresista por el distrito 13, Adriano Espaillat, decidi\u00f3 apoyar este domingo a la ex vocera del Concejo Municipal, Melissa Mark Viverito, a la posici\u00f3n de Defensor del Pueblo, en reciprocidad al apoyo que por ocho a\u00f1os consecutivos \u00e9sta ha brindado tanto a \u00e9l como a la comunidad dominicana. Indic\u00f3 que [&hellip;]<\/p>\n","protected":false},"author":1,"featured_media":0,"comment_status":"open","ping_status":"open","sticky":false,"template":"","format":"standard","meta":{"_bbp_topic_count":0,"_bbp_reply_count":0,"_bbp_total_topic_count":0,"_bbp_total_reply_count":0,"_bbp_voice_count":0,"_bbp_anonymous_reply_count":0,"_bbp_topic_count_hidden":0,"_bbp_reply_count_hidden":0,"_bbp_forum_subforum_count":0,"footnotes":""},"categories":[60,31],"tags":[],"class_list":{"0":"post-314611","1":"post","2":"type-post","3":"status-publish","4":"format-standard","6":"category-titulares-del-dia","7":"category-estados-unidos"},"_links":{"self":[{"href":"https:\/\/primermomento.com\/index.php?rest_route=\/wp\/v2\/posts\/314611","targetHints":{"allow":["GET"]}}],"collection":[{"href":"https:\/\/primermomento.com\/index.php?rest_route=\/wp\/v2\/posts"}],"about":[{"href":"https:\/\/primermomento.com\/index.php?rest_route=\/wp\/v2\/types\/post"}],"author":[{"embeddable":true,"href":"https:\/\/primermomento.com\/index.php?rest_route=\/wp\/v2\/users\/1"}],"replies":[{"embeddable":true,"href":"https:\/\/primermomento.com\/index.php?rest_route=%2Fwp%2Fv2%2Fcomments&post=314611"}],"version-history":[{"count":1,"href":"https:\/\/primermomento.com\/index.php?rest_route=\/wp\/v2\/posts\/314611\/revisions"}],"predecessor-version":[{"id":314613,"href":"https:\/\/primermomento.com\/index.php?rest_route=\/wp\/v2\/posts\/314611\/revisions\/314613"}],"wp:attachment":[{"href":"https:\/\/primermomento.com\/index.php?rest_route=%2Fwp%2Fv2%2Fmedia&parent=314611"}],"wp:term":[{"taxonomy":"category","embeddable":true,"href":"https:\/\/primermomento.com\/index.php?rest_route=%2Fwp%2Fv2%2Fcategories&post=314611"},{"taxonomy":"post_tag","embeddable":true,"href":"https:\/\/primermomento.com\/index.php?rest_route=%2Fwp%2Fv2%2Ftags&post=314611"}],"curies":[{"name":"wp","href":"https:\/\/api.w.org\/{rel}","templated":true}]}}