{"id":314614,"date":"2019-01-28T15:07:55","date_gmt":"2019-01-28T19:07:55","guid":{"rendered":"http:\/\/primermomento.com\/?p=314614"},"modified":"2019-01-28T15:24:34","modified_gmt":"2019-01-28T19:24:34","slug":"bani-tres-dias-de-duelo-por-muerte-de-exalcalde","status":"publish","type":"post","link":"https:\/\/primermomento.com\/?p=314614","title":{"rendered":"BAN\u00cd | Tres d\u00edas de duelo por muerte de exalcalde"},"content":{"rendered":"\n<p> BAN\u00cd, Rep\u00fablica Dominicana.- Tres d\u00edas de luto municipal declar\u00f3 el s\u00e1bado el ayuntamiento de Ban\u00ed, como homenaje p\u00f3stumo a quien fuera alcalde de este municipio, a finales de la d\u00e9cada de los 80, el profesor Roberto Aguasvivas.<\/p>\n\n\n\n<figure class=\"wp-block-image\"><img loading=\"lazy\" decoding=\"async\" width=\"640\" height=\"466\" src=\"http:\/\/primermomento.com\/wp-content\/uploads\/2019\/01\/IMG_7930.jpg\" alt=\"\" class=\"wp-image-314615\" srcset=\"https:\/\/primermomento.com\/wp-content\/uploads\/2019\/01\/IMG_7930.jpg 640w, https:\/\/primermomento.com\/wp-content\/uploads\/2019\/01\/IMG_7930-300x218.jpg 300w, https:\/\/primermomento.com\/wp-content\/uploads\/2019\/01\/IMG_7930-500x364.jpg 500w, https:\/\/primermomento.com\/wp-content\/uploads\/2019\/01\/IMG_7930-280x204.jpg 280w, https:\/\/primermomento.com\/wp-content\/uploads\/2019\/01\/IMG_7930-638x465.jpg 638w, https:\/\/primermomento.com\/wp-content\/uploads\/2019\/01\/IMG_7930-118x86.jpg 118w, https:\/\/primermomento.com\/wp-content\/uploads\/2019\/01\/IMG_7930-479x349.jpg 479w\" sizes=\"auto, (max-width: 640px) 100vw, 640px\" \/><figcaption>Los regidores Jos\u00e9 Tejada, H\u00e9ctor Moscat y Juan Germ\u00e1n, cuando hac\u00edan la guardia de honor.<\/figcaption><\/figure>\n\n\n\n<p>En la explanada frontal del ayuntamiento, el alcalde Chacho Landestoy, los miembros del Concejo de regidores, autoridades gubernamentales, civiles y familiares del extinto mun\u00edcipe, montaron una guardia de honor y se pronunciaron paneg\u00edricos en reconocimiento al servicio p\u00fablico de Aguasvivas.<\/p>\n\n\n\n<p>El secretario municipal, Wilson Guerrero, ley\u00f3 una resoluci\u00f3n del Concejo de regidores que declara tres d\u00edas de luto municipal por el fallecimiento de Roberto Aguasvivas, cuyo pergamino fue entregado a sus dolientes.<\/p>\n\n\n\n<p>El alcalde Nelson Camilo Landestoy se dirigi\u00f3 brevemente a los presentes en el acto f\u00fanebre.<\/p>\n\n\n\n<p>Las palabras de agradecimiento por el homenaje de cuerpo presente a Roberto Aguasvivas fueron pronunciadas por su nieta mayor, quien destac\u00f3 sus permanentes esfuerzos por el desarrollo de Ban\u00ed, sociedad a la que le sirvi\u00f3 siempre con total entrega.<\/p>\n\n\n\n<p style=\"text-align:right\">RRPP Alcald\u00eda Ban\u00ed<\/p>\n","protected":false},"excerpt":{"rendered":"<p>BAN\u00cd, Rep\u00fablica Dominicana.- Tres d\u00edas de luto municipal declar\u00f3 el s\u00e1bado el ayuntamiento de Ban\u00ed, como homenaje p\u00f3stumo a quien fuera alcalde de este municipio, a finales de la d\u00e9cada de los 80, el profesor Roberto Aguasvivas. En la explanada frontal del ayuntamiento, el alcalde Chacho Landestoy, los miembros del Concejo de regidores, autoridades gubernamentales, [&hellip;]<\/p>\n","protected":false},"author":1,"featured_media":0,"comment_status":"open","ping_status":"open","sticky":false,"template":"","format":"standard","meta":{"_bbp_topic_count":0,"_bbp_reply_count":0,"_bbp_total_topic_count":0,"_bbp_total_reply_count":0,"_bbp_voice_count":0,"_bbp_anonymous_reply_count":0,"_bbp_topic_count_hidden":0,"_bbp_reply_count_hidden":0,"_bbp_forum_subforum_count":0,"footnotes":""},"categories":[30,60],"tags":[],"class_list":{"0":"post-314614","1":"post","2":"type-post","3":"status-publish","4":"format-standard","6":"category-actualidad","7":"category-titulares-del-dia"},"_links":{"self":[{"href":"https:\/\/primermomento.com\/index.php?rest_route=\/wp\/v2\/posts\/314614","targetHints":{"allow":["GET"]}}],"collection":[{"href":"https:\/\/primermomento.com\/index.php?rest_route=\/wp\/v2\/posts"}],"about":[{"href":"https:\/\/primermomento.com\/index.php?rest_route=\/wp\/v2\/types\/post"}],"author":[{"embeddable":true,"href":"https:\/\/primermomento.com\/index.php?rest_route=\/wp\/v2\/users\/1"}],"replies":[{"embeddable":true,"href":"https:\/\/primermomento.com\/index.php?rest_route=%2Fwp%2Fv2%2Fcomments&post=314614"}],"version-history":[{"count":1,"href":"https:\/\/primermomento.com\/index.php?rest_route=\/wp\/v2\/posts\/314614\/revisions"}],"predecessor-version":[{"id":314616,"href":"https:\/\/primermomento.com\/index.php?rest_route=\/wp\/v2\/posts\/314614\/revisions\/314616"}],"wp:attachment":[{"href":"https:\/\/primermomento.com\/index.php?rest_route=%2Fwp%2Fv2%2Fmedia&parent=314614"}],"wp:term":[{"taxonomy":"category","embeddable":true,"href":"https:\/\/primermomento.com\/index.php?rest_route=%2Fwp%2Fv2%2Fcategories&post=314614"},{"taxonomy":"post_tag","embeddable":true,"href":"https:\/\/primermomento.com\/index.php?rest_route=%2Fwp%2Fv2%2Ftags&post=314614"}],"curies":[{"name":"wp","href":"https:\/\/api.w.org\/{rel}","templated":true}]}}