{"id":314617,"date":"2019-01-28T15:08:24","date_gmt":"2019-01-28T19:08:24","guid":{"rendered":"http:\/\/primermomento.com\/?p=314617"},"modified":"2019-01-28T15:08:26","modified_gmt":"2019-01-28T19:08:26","slug":"bani-con-varios-actos-comienzan-el-mes-de-la-patria","status":"publish","type":"post","link":"https:\/\/primermomento.com\/?p=314617","title":{"rendered":"BAN\u00cd | Con varios actos, comienzan el mes de la Patria"},"content":{"rendered":"\n<p> BAN\u00cd, Rep\u00fablica Dominicana.- Las autoridades provinciales y municipales recordaron la ma\u00f1ana del s\u00e1bado 26 de enero, el Natalicio 206 del patricio Juan Pablo Duarte y D\u00edez, quien junto a Mat\u00edas Ram\u00f3n Mella y Francisco del Rosario S\u00e1nchez es considerado uno de los padres de la patria y fundador de la Rep\u00fablica Dominicana.<\/p>\n\n\n\n<figure class=\"wp-block-image\"><img loading=\"lazy\" decoding=\"async\" width=\"640\" height=\"466\" src=\"http:\/\/primermomento.com\/wp-content\/uploads\/2019\/01\/IMG_7931.jpg\" alt=\"\" class=\"wp-image-314618\" srcset=\"https:\/\/primermomento.com\/wp-content\/uploads\/2019\/01\/IMG_7931.jpg 640w, https:\/\/primermomento.com\/wp-content\/uploads\/2019\/01\/IMG_7931-300x218.jpg 300w, https:\/\/primermomento.com\/wp-content\/uploads\/2019\/01\/IMG_7931-500x364.jpg 500w, https:\/\/primermomento.com\/wp-content\/uploads\/2019\/01\/IMG_7931-280x204.jpg 280w, https:\/\/primermomento.com\/wp-content\/uploads\/2019\/01\/IMG_7931-638x465.jpg 638w, https:\/\/primermomento.com\/wp-content\/uploads\/2019\/01\/IMG_7931-118x86.jpg 118w, https:\/\/primermomento.com\/wp-content\/uploads\/2019\/01\/IMG_7931-479x349.jpg 479w\" sizes=\"auto, (max-width: 640px) 100vw, 640px\" \/><figcaption>Cristi\u00e1n Castillo, presidente de la Sala Capitular, al dirigirse al p\u00fablico.<\/figcaption><\/figure>\n\n\n\n<p>La provincia Peravia celebr\u00f3 este aniversario con una serie de actos organizados por la Gobernaci\u00f3n y el Ayuntamiento Municipal de Ban\u00ed.<\/p>\n\n\n\n<p>Los actos empezaron a las 8 de la ma\u00f1ana con el Izamiento de la Bandera Nacional, en la explanada de la Gobernaci\u00f3n provincial. <\/p>\n\n\n\n<p>A las 9 de la ma\u00f1ana hubo un Te Deum, en la Catedral Nuestra Se\u00f1ora de Regla, a cargo del obispo de Ban\u00ed, monse\u00f1or V\u00edctor Masalles Pere.<\/p>\n\n\n\n<p>El presidente del Concejo de regidores, Cristi\u00e1n Castillo pronunci\u00f3 un breve discurso en el que valor\u00f3 la importancia que tiene esta fecha para los dominicanos.<\/p>\n\n\n\n<p>El intelectual Manuel Valera, miembro de la Academia de Historia de la Rep\u00fablica Dominicana, rese\u00f1\u00f3 los acontecimientos que dieron origen a la independencia, y el papel protag\u00f3nico que jug\u00f3 Juan Pablo Duarte.<\/p>\n\n\n\n<p>Luego, a las 10 de la ma\u00f1ana hubo una ceremonia en el busto de Juan Pablo Duarte, situado en el parque central seguido del tradicional desfile estudiantil en la calle Presidente Billini.<\/p>\n\n\n\n<p style=\"text-align:right\">RRPP Alcald\u00eda de Ban\u00ed<\/p>\n","protected":false},"excerpt":{"rendered":"<p>BAN\u00cd, Rep\u00fablica Dominicana.- Las autoridades provinciales y municipales recordaron la ma\u00f1ana del s\u00e1bado 26 de enero, el Natalicio 206 del patricio Juan Pablo Duarte y D\u00edez, quien junto a Mat\u00edas Ram\u00f3n Mella y Francisco del Rosario S\u00e1nchez es considerado uno de los padres de la patria y fundador de la Rep\u00fablica Dominicana. La provincia Peravia [&hellip;]<\/p>\n","protected":false},"author":1,"featured_media":0,"comment_status":"open","ping_status":"open","sticky":false,"template":"","format":"standard","meta":{"_bbp_topic_count":0,"_bbp_reply_count":0,"_bbp_total_topic_count":0,"_bbp_total_reply_count":0,"_bbp_voice_count":0,"_bbp_anonymous_reply_count":0,"_bbp_topic_count_hidden":0,"_bbp_reply_count_hidden":0,"_bbp_forum_subforum_count":0,"footnotes":""},"categories":[60,32],"tags":[],"class_list":{"0":"post-314617","1":"post","2":"type-post","3":"status-publish","4":"format-standard","6":"category-titulares-del-dia","7":"category-lo-ultimo"},"_links":{"self":[{"href":"https:\/\/primermomento.com\/index.php?rest_route=\/wp\/v2\/posts\/314617","targetHints":{"allow":["GET"]}}],"collection":[{"href":"https:\/\/primermomento.com\/index.php?rest_route=\/wp\/v2\/posts"}],"about":[{"href":"https:\/\/primermomento.com\/index.php?rest_route=\/wp\/v2\/types\/post"}],"author":[{"embeddable":true,"href":"https:\/\/primermomento.com\/index.php?rest_route=\/wp\/v2\/users\/1"}],"replies":[{"embeddable":true,"href":"https:\/\/primermomento.com\/index.php?rest_route=%2Fwp%2Fv2%2Fcomments&post=314617"}],"version-history":[{"count":1,"href":"https:\/\/primermomento.com\/index.php?rest_route=\/wp\/v2\/posts\/314617\/revisions"}],"predecessor-version":[{"id":314619,"href":"https:\/\/primermomento.com\/index.php?rest_route=\/wp\/v2\/posts\/314617\/revisions\/314619"}],"wp:attachment":[{"href":"https:\/\/primermomento.com\/index.php?rest_route=%2Fwp%2Fv2%2Fmedia&parent=314617"}],"wp:term":[{"taxonomy":"category","embeddable":true,"href":"https:\/\/primermomento.com\/index.php?rest_route=%2Fwp%2Fv2%2Fcategories&post=314617"},{"taxonomy":"post_tag","embeddable":true,"href":"https:\/\/primermomento.com\/index.php?rest_route=%2Fwp%2Fv2%2Ftags&post=314617"}],"curies":[{"name":"wp","href":"https:\/\/api.w.org\/{rel}","templated":true}]}}