{"id":314620,"date":"2019-01-28T07:14:01","date_gmt":"2019-01-28T11:14:01","guid":{"rendered":"http:\/\/primermomento.com\/?p=314620"},"modified":"2019-01-28T15:17:23","modified_gmt":"2019-01-28T19:17:23","slug":"otorgan-sede-de-la-serie-del-caribe-2019-a-panama","status":"publish","type":"post","link":"https:\/\/primermomento.com\/?p=314620","title":{"rendered":"Otorgan sede de la Serie del Caribe 2019 a Panam\u00e1"},"content":{"rendered":"\n<p>SANTO DOMINGO, Rep\u00fablica Dominicana.- La oficina del Comisionado de la  Confederaci\u00f3n de B\u00e9isbol Profesional del Caribe inform\u00f3 hoy que se  decidi\u00f3 otorgar la sede de la Serie del Caribe 2019 a Panam\u00e1. <\/p>\n\n\n\n<figure class=\"wp-block-image\"><img loading=\"lazy\" decoding=\"async\" width=\"1024\" height=\"683\" src=\"http:\/\/primermomento.com\/wp-content\/uploads\/2019\/01\/serie-del-caribe-panama-1024x683.jpg\" alt=\"\" class=\"wp-image-314621\" srcset=\"https:\/\/primermomento.com\/wp-content\/uploads\/2019\/01\/serie-del-caribe-panama-1024x683.jpg 1024w, https:\/\/primermomento.com\/wp-content\/uploads\/2019\/01\/serie-del-caribe-panama-300x200.jpg 300w, https:\/\/primermomento.com\/wp-content\/uploads\/2019\/01\/serie-del-caribe-panama-768x512.jpg 768w, https:\/\/primermomento.com\/wp-content\/uploads\/2019\/01\/serie-del-caribe-panama-73x50.jpg 73w, https:\/\/primermomento.com\/wp-content\/uploads\/2019\/01\/serie-del-caribe-panama-500x333.jpg 500w, https:\/\/primermomento.com\/wp-content\/uploads\/2019\/01\/serie-del-caribe-panama-280x187.jpg 280w, https:\/\/primermomento.com\/wp-content\/uploads\/2019\/01\/serie-del-caribe-panama-60x40.jpg 60w, https:\/\/primermomento.com\/wp-content\/uploads\/2019\/01\/serie-del-caribe-panama-638x425.jpg 638w, https:\/\/primermomento.com\/wp-content\/uploads\/2019\/01\/serie-del-caribe-panama-118x79.jpg 118w, https:\/\/primermomento.com\/wp-content\/uploads\/2019\/01\/serie-del-caribe-panama-479x319.jpg 479w, https:\/\/primermomento.com\/wp-content\/uploads\/2019\/01\/serie-del-caribe-panama.jpg 1404w\" sizes=\"auto, (max-width: 1024px) 100vw, 1024px\" \/><\/figure>\n\n\n\n<p>\nEl evento le fue retirado a Venezuela tomando como base la situaci\u00f3n en \nesa naci\u00f3n una vez que Washington y pa\u00edses aliados reconocieron al \nautoproclamado presidente Juan Guaid\u00f3, acto calificado como un golpe de \nEstado y una violaci\u00f3n de la institucionalidad. \u00c9ste se efectuar\u00e1 del 4 \nal 10 de febrero.<\/p>\n\n\n\n<p> En rueda de prensa ofrecida por el comisionado\n de la Confederaci\u00f3n, Juan Francisco Puello, en el torneo jugar\u00e1n todos \nlos pa\u00edses de la Confederaci\u00f3n y Panam\u00e1.<\/p>\n\n\n\n<p> Asimismo, la sede \nprincipal del torneo ser\u00e1 el estadio Rod Carew de la capital paname\u00f1a el\n cual tiene capacidad para 27 mil aficionados.<\/p>\n\n\n\n<p> Por segundo a\u00f1o \nconsecutivo se le retira la sede a Barquisimeto de ah\u00ed que este martes \nel ministro de Juventud y Deporte de Venezuela, Pedro Infante, rechaz\u00f3 \nla decisi\u00f3n del ente caribe\u00f1o y la calific\u00f3 de antideportiva.<\/p>\n\n\n\n<p> El torneo contar\u00e1 con la participaci\u00f3n de los equipos de Cuba, Rep\u00fablica Dominicana, Puerto Rico, Venezuela, Panam\u00e1 y M\u00e9xico. <\/p>\n\n\n\n<p style=\"text-align:right\">PL<\/p>\n","protected":false},"excerpt":{"rendered":"<p>SANTO DOMINGO, Rep\u00fablica Dominicana.- La oficina del Comisionado de la Confederaci\u00f3n de B\u00e9isbol Profesional del Caribe inform\u00f3 hoy que se decidi\u00f3 otorgar la sede de la Serie del Caribe 2019 a Panam\u00e1. El evento le fue retirado a Venezuela tomando como base la situaci\u00f3n en esa naci\u00f3n una vez que Washington y pa\u00edses aliados reconocieron [&hellip;]<\/p>\n","protected":false},"author":1,"featured_media":0,"comment_status":"open","ping_status":"open","sticky":false,"template":"","format":"standard","meta":{"_bbp_topic_count":0,"_bbp_reply_count":0,"_bbp_total_topic_count":0,"_bbp_total_reply_count":0,"_bbp_voice_count":0,"_bbp_anonymous_reply_count":0,"_bbp_topic_count_hidden":0,"_bbp_reply_count_hidden":0,"_bbp_forum_subforum_count":0,"footnotes":""},"categories":[42,60],"tags":[],"class_list":{"0":"post-314620","1":"post","2":"type-post","3":"status-publish","4":"format-standard","6":"category-deportes","7":"category-titulares-del-dia"},"_links":{"self":[{"href":"https:\/\/primermomento.com\/index.php?rest_route=\/wp\/v2\/posts\/314620","targetHints":{"allow":["GET"]}}],"collection":[{"href":"https:\/\/primermomento.com\/index.php?rest_route=\/wp\/v2\/posts"}],"about":[{"href":"https:\/\/primermomento.com\/index.php?rest_route=\/wp\/v2\/types\/post"}],"author":[{"embeddable":true,"href":"https:\/\/primermomento.com\/index.php?rest_route=\/wp\/v2\/users\/1"}],"replies":[{"embeddable":true,"href":"https:\/\/primermomento.com\/index.php?rest_route=%2Fwp%2Fv2%2Fcomments&post=314620"}],"version-history":[{"count":1,"href":"https:\/\/primermomento.com\/index.php?rest_route=\/wp\/v2\/posts\/314620\/revisions"}],"predecessor-version":[{"id":314622,"href":"https:\/\/primermomento.com\/index.php?rest_route=\/wp\/v2\/posts\/314620\/revisions\/314622"}],"wp:attachment":[{"href":"https:\/\/primermomento.com\/index.php?rest_route=%2Fwp%2Fv2%2Fmedia&parent=314620"}],"wp:term":[{"taxonomy":"category","embeddable":true,"href":"https:\/\/primermomento.com\/index.php?rest_route=%2Fwp%2Fv2%2Fcategories&post=314620"},{"taxonomy":"post_tag","embeddable":true,"href":"https:\/\/primermomento.com\/index.php?rest_route=%2Fwp%2Fv2%2Ftags&post=314620"}],"curies":[{"name":"wp","href":"https:\/\/api.w.org\/{rel}","templated":true}]}}