{"id":314623,"date":"2019-01-28T15:00:37","date_gmt":"2019-01-28T19:00:37","guid":{"rendered":"http:\/\/primermomento.com\/?p=314623"},"modified":"2019-01-28T15:23:15","modified_gmt":"2019-01-28T19:23:15","slug":"millones-de-personas-sufriran-temperaturas-bajo-cero-en-eeuu","status":"publish","type":"post","link":"https:\/\/primermomento.com\/?p=314623","title":{"rendered":"Millones de personas sufrir\u00e1n temperaturas bajo cero en EEUU"},"content":{"rendered":"\n<p>  WASHINGTON, Distrito de Columbia.- Millones de estadounidenses sufrir\u00e1n  esta semana los efectos de temperaturas bajo cero y algunos lugares  podr\u00edan registrar el aire m\u00e1s fr\u00edo en una generaci\u00f3n, advierte hoy el  Servicio Nacional de Meteorolog\u00eda.                         <br>                          <\/p>\n\n\n\n<figure class=\"wp-block-image\"><img loading=\"lazy\" decoding=\"async\" width=\"980\" height=\"654\" src=\"http:\/\/primermomento.com\/wp-content\/uploads\/2019\/01\/frio-en-eeuu.jpg\" alt=\"\" class=\"wp-image-314624\" srcset=\"https:\/\/primermomento.com\/wp-content\/uploads\/2019\/01\/frio-en-eeuu.jpg 980w, https:\/\/primermomento.com\/wp-content\/uploads\/2019\/01\/frio-en-eeuu-300x200.jpg 300w, https:\/\/primermomento.com\/wp-content\/uploads\/2019\/01\/frio-en-eeuu-768x513.jpg 768w, https:\/\/primermomento.com\/wp-content\/uploads\/2019\/01\/frio-en-eeuu-73x50.jpg 73w, https:\/\/primermomento.com\/wp-content\/uploads\/2019\/01\/frio-en-eeuu-500x334.jpg 500w, https:\/\/primermomento.com\/wp-content\/uploads\/2019\/01\/frio-en-eeuu-280x187.jpg 280w, https:\/\/primermomento.com\/wp-content\/uploads\/2019\/01\/frio-en-eeuu-60x40.jpg 60w, https:\/\/primermomento.com\/wp-content\/uploads\/2019\/01\/frio-en-eeuu-638x426.jpg 638w, https:\/\/primermomento.com\/wp-content\/uploads\/2019\/01\/frio-en-eeuu-118x79.jpg 118w, https:\/\/primermomento.com\/wp-content\/uploads\/2019\/01\/frio-en-eeuu-479x320.jpg 479w\" sizes=\"auto, (max-width: 980px) 100vw, 980px\" \/><\/figure>\n\n\n\n<p>De acuerdo con  reportes de la televisora CNN, las temperaturas m\u00e1s bajas podr\u00edan  reportarse desde ma\u00f1ana y hasta el jueves en el Medio Oeste Superior y  en los Grandes Lagos, con valores que ir\u00edan de -20 a -40 grados  Fahrenheit (-28 a -40 grados Celsius).<\/p>\n\n\n\n<p> La ciudad de Chicago, en \nIllinonis, registrar\u00eda sus lecturas m\u00e1s fr\u00edas en casi 25 a\u00f1os, con \nm\u00ednimos que se acercar\u00edan al r\u00e9cord hist\u00f3rico de 27 grados Fahrenheit \npor debajo de cero (-32 grados Celsius), estim\u00f3 Dave Hennen,  \nmeteor\u00f3logo de esa cadena.<\/p>\n\n\n\n<p> CNN advirti\u00f3 que junto con las \ncondiciones de congelaci\u00f3n habr\u00e1 otros problemas, pues los estados de \nDakota del Norte y del Sur deber\u00e1n lidiar con fuertes ventiscas, al \ntiempo que se espera gran cantidad de nieve en el Medio Oeste y los \nGrandes lagos, lo que significa &#8216;condiciones de viaje peligrosas a \nimposibles&#8217;.<\/p>\n\n\n\n<p> Por su parte, The New York Times report\u00f3 que los \nefectos de las condiciones clim\u00e1ticas severas ya se sienten este lunes \nen ciudades como Milwaukee (Wisconsin), y Saint Paul y Minneapolis \n(Minnesota), donde las escuelas p\u00fablicas suspendieron las clases.<\/p>\n\n\n\n<p>\n La gobernadora de Michigan, Gretchen Whitmer, envi\u00f3 a la mayor\u00eda de los\n trabajadores estatales a casa temprano, y hasta el mediod\u00eda de hoy \nfueron cancelados m\u00e1s de mil 300 vuelos en todo el pa\u00eds, seg\u00fan el sitio \nweb FlightAware.<\/p>\n\n\n\n<p> El v\u00f3rtice polar tambi\u00e9n llev\u00f3 a preparativos  de emergencia y cancelaciones de escuelas en territorios del sur, pues  aunque se espera que las temperaturas sean un poco m\u00e1s altas all\u00ed, los  residentes est\u00e1n menos acostumbrados a lidiar con el fr\u00edo, indic\u00f3 el  Times. <\/p>\n\n\n\n<p style=\"text-align:right\">Ram\u00f3n Mercedes<\/p>\n","protected":false},"excerpt":{"rendered":"<p>WASHINGTON, Distrito de Columbia.- Millones de estadounidenses sufrir\u00e1n esta semana los efectos de temperaturas bajo cero y algunos lugares podr\u00edan registrar el aire m\u00e1s fr\u00edo en una generaci\u00f3n, advierte hoy el Servicio Nacional de Meteorolog\u00eda. De acuerdo con reportes de la televisora CNN, las temperaturas m\u00e1s bajas podr\u00edan reportarse desde ma\u00f1ana y hasta el jueves [&hellip;]<\/p>\n","protected":false},"author":1,"featured_media":0,"comment_status":"open","ping_status":"open","sticky":false,"template":"","format":"standard","meta":{"_bbp_topic_count":0,"_bbp_reply_count":0,"_bbp_total_topic_count":0,"_bbp_total_reply_count":0,"_bbp_voice_count":0,"_bbp_anonymous_reply_count":0,"_bbp_topic_count_hidden":0,"_bbp_reply_count_hidden":0,"_bbp_forum_subforum_count":0,"footnotes":""},"categories":[60,32],"tags":[],"class_list":{"0":"post-314623","1":"post","2":"type-post","3":"status-publish","4":"format-standard","6":"category-titulares-del-dia","7":"category-lo-ultimo"},"_links":{"self":[{"href":"https:\/\/primermomento.com\/index.php?rest_route=\/wp\/v2\/posts\/314623","targetHints":{"allow":["GET"]}}],"collection":[{"href":"https:\/\/primermomento.com\/index.php?rest_route=\/wp\/v2\/posts"}],"about":[{"href":"https:\/\/primermomento.com\/index.php?rest_route=\/wp\/v2\/types\/post"}],"author":[{"embeddable":true,"href":"https:\/\/primermomento.com\/index.php?rest_route=\/wp\/v2\/users\/1"}],"replies":[{"embeddable":true,"href":"https:\/\/primermomento.com\/index.php?rest_route=%2Fwp%2Fv2%2Fcomments&post=314623"}],"version-history":[{"count":1,"href":"https:\/\/primermomento.com\/index.php?rest_route=\/wp\/v2\/posts\/314623\/revisions"}],"predecessor-version":[{"id":314625,"href":"https:\/\/primermomento.com\/index.php?rest_route=\/wp\/v2\/posts\/314623\/revisions\/314625"}],"wp:attachment":[{"href":"https:\/\/primermomento.com\/index.php?rest_route=%2Fwp%2Fv2%2Fmedia&parent=314623"}],"wp:term":[{"taxonomy":"category","embeddable":true,"href":"https:\/\/primermomento.com\/index.php?rest_route=%2Fwp%2Fv2%2Fcategories&post=314623"},{"taxonomy":"post_tag","embeddable":true,"href":"https:\/\/primermomento.com\/index.php?rest_route=%2Fwp%2Fv2%2Ftags&post=314623"}],"curies":[{"name":"wp","href":"https:\/\/api.w.org\/{rel}","templated":true}]}}