{"id":314632,"date":"2019-01-28T12:36:33","date_gmt":"2019-01-28T16:36:33","guid":{"rendered":"http:\/\/primermomento.com\/?p=314632"},"modified":"2019-01-28T15:39:42","modified_gmt":"2019-01-28T19:39:42","slug":"cierre-de-gobierno-dejo-serios-danos-economicos","status":"publish","type":"post","link":"https:\/\/primermomento.com\/?p=314632","title":{"rendered":"Cierre de Gobierno dej\u00f3 serios da\u00f1os econ\u00f3micos"},"content":{"rendered":"\n<p> WASHINGTON, Distrito de Columbia.- El reciente cierre parcial de la  administraci\u00f3n de Estados Unidos signific\u00f3 p\u00e9rdidas de 11 mil millones  de d\u00f3lares a la econom\u00eda, seg\u00fan un informe divulgado hoy por la Oficina  de Presupuesto del Congreso.                         <br>                          <\/p>\n\n\n\n<figure class=\"wp-block-image\"><img loading=\"lazy\" decoding=\"async\" width=\"748\" height=\"498\" src=\"http:\/\/primermomento.com\/wp-content\/uploads\/2019\/01\/Cierre-Gobierno.jpg\" alt=\"\" class=\"wp-image-314065\" srcset=\"https:\/\/primermomento.com\/wp-content\/uploads\/2019\/01\/Cierre-Gobierno.jpg 748w, https:\/\/primermomento.com\/wp-content\/uploads\/2019\/01\/Cierre-Gobierno-300x200.jpg 300w, https:\/\/primermomento.com\/wp-content\/uploads\/2019\/01\/Cierre-Gobierno-73x50.jpg 73w, https:\/\/primermomento.com\/wp-content\/uploads\/2019\/01\/Cierre-Gobierno-500x333.jpg 500w, https:\/\/primermomento.com\/wp-content\/uploads\/2019\/01\/Cierre-Gobierno-280x186.jpg 280w, https:\/\/primermomento.com\/wp-content\/uploads\/2019\/01\/Cierre-Gobierno-60x40.jpg 60w, https:\/\/primermomento.com\/wp-content\/uploads\/2019\/01\/Cierre-Gobierno-638x425.jpg 638w, https:\/\/primermomento.com\/wp-content\/uploads\/2019\/01\/Cierre-Gobierno-118x79.jpg 118w, https:\/\/primermomento.com\/wp-content\/uploads\/2019\/01\/Cierre-Gobierno-479x319.jpg 479w\" sizes=\"auto, (max-width: 748px) 100vw, 748px\" \/><\/figure>\n\n\n\n<p>La paralizaci\u00f3n  de la cuarta parte de las entidades federales se prolong\u00f3 35 d\u00edas desde  el pasado 22 de diciembre, y fue la m\u00e1s larga de la historia con  afectaciones para unos 800 mil trabajadores federales.<\/p>\n\n\n\n<p> En cuanto\n al costo irrecuperable, los perjuicios econ\u00f3micos ascendieron a tres \nmil millones de d\u00f3lares, precis\u00f3 dicha entidad no partidista en un \ncomunicado.<\/p>\n\n\n\n<p> Acerca del efecto acumulado en las proyecciones de \ncrecimiento para 2019, estim\u00f3 que ser\u00e1 0,02 por ciento menor a la cifra \nanticipada, y se ubicar\u00e1 en una tasa anual de 2,3 por ciento.<\/p>\n\n\n\n<p> De\n acuerdo con la fuente, el problema fren\u00f3 la actividad econ\u00f3mica \nprincipalmente por la p\u00e9rdida de la contribuci\u00f3n de los trabajadores \ngubernamentales al Producto Interno Bruto, el retraso en el gasto \nfederal en bienes y servicios, y la reducci\u00f3n en la demanda agregada.<\/p>\n\n\n\n<p>\n Hace tres d\u00edas, el presidente estadounidense, Donald Trump, firm\u00f3 una \nley de gastos a corto plazo para reabrir hasta el pr\u00f3ximo 15 de febrero \nlas entidades federales que estuvieron cerradas.<\/p>\n\n\n\n<p> Tal \nlegislaci\u00f3n, cuyo proyecto recibi\u00f3 ese mismo viernes el apoyo en el \nSenado y la C\u00e1mara de Representantes, y fue anunciado por el mandatario \nrepublicano, no incluye los 5,7 mil millones de d\u00f3lares exigidos por \nTrump para construir un muro en la frontera con M\u00e9xico.<\/p>\n\n\n\n<p> El \nempecinamiento anterior del jefe de Estado a rubricar cualquier \npropuesta que careciera de esa cantidad, junto con el rechazo de los \ndem\u00f3cratas a avalar el monto para una pared que consideran innecesaria, \nllevaron a la mencionada paralizaci\u00f3n.<\/p>\n\n\n\n<p> Al anunciar que firmar\u00eda \nel acuerdo para finalizar el estancamiento, Trump expres\u00f3 que un comit\u00e9 \nbipartidista de l\u00edderes y legisladores de las dos entidades del \nCapitolio trabajar\u00e1 durante las pr\u00f3ximas tres semanas para &#8216;armar un \npaquete de seguridad nacional que en breve se convierta en ley&#8217;.<\/p>\n\n\n\n<p>\n &#8216;Durante los pr\u00f3ximos 21 d\u00edas, espero que tanto los dem\u00f3cratas como los\n republicanos operen de buena fe&#8217;, manifest\u00f3 entonces el jefe de la Casa\n Blanca.<\/p>\n\n\n\n<p> Otra vez, en su alocuci\u00f3n en la mansi\u00f3n ejecutiva, \nTrump defendi\u00f3 la necesidad de la pol\u00e9mica estructura, incluso con \nargumentos que medios estadounidenses de prensa califican de falsos o \ninexactos.<\/p>\n\n\n\n<p> Perm\u00edtanme ser muy claro: realmente no tenemos m\u00e1s remedio que construir un muro poderoso o una barrera de acero, recalc\u00f3.<\/p>\n\n\n\n<p>\n Si no recibimos un trato justo del Congreso, el Gobierno volver\u00e1 a \ncerrar el 15 de febrero o usar\u00e9 los poderes que me otorgan las leyes y \nla Constituci\u00f3n de Estados Unidos para hacer frente a esta emergencia, \nadvirti\u00f3.<\/p>\n\n\n\n<p> Con ese \u00faltimo comentario aludi\u00f3 a sus amenazas  anteriores de declarar una emergencia nacional en la l\u00ednea divisoria sur  para destinar fondos militares a la edificaci\u00f3n de la pared sin  necesidad de contar con la aprobaci\u00f3n de los miembros del Capitolio, una  acci\u00f3n que puede enfrentar desaf\u00edos legales. <\/p>\n\n\n\n<p style=\"text-align:right\">PL<\/p>\n","protected":false},"excerpt":{"rendered":"<p>WASHINGTON, Distrito de Columbia.- El reciente cierre parcial de la administraci\u00f3n de Estados Unidos signific\u00f3 p\u00e9rdidas de 11 mil millones de d\u00f3lares a la econom\u00eda, seg\u00fan un informe divulgado hoy por la Oficina de Presupuesto del Congreso. La paralizaci\u00f3n de la cuarta parte de las entidades federales se prolong\u00f3 35 d\u00edas desde el pasado 22 [&hellip;]<\/p>\n","protected":false},"author":1,"featured_media":0,"comment_status":"open","ping_status":"open","sticky":false,"template":"","format":"standard","meta":{"_bbp_topic_count":0,"_bbp_reply_count":0,"_bbp_total_topic_count":0,"_bbp_total_reply_count":0,"_bbp_voice_count":0,"_bbp_anonymous_reply_count":0,"_bbp_topic_count_hidden":0,"_bbp_reply_count_hidden":0,"_bbp_forum_subforum_count":0,"footnotes":""},"categories":[30,60],"tags":[],"class_list":{"0":"post-314632","1":"post","2":"type-post","3":"status-publish","4":"format-standard","6":"category-actualidad","7":"category-titulares-del-dia"},"_links":{"self":[{"href":"https:\/\/primermomento.com\/index.php?rest_route=\/wp\/v2\/posts\/314632","targetHints":{"allow":["GET"]}}],"collection":[{"href":"https:\/\/primermomento.com\/index.php?rest_route=\/wp\/v2\/posts"}],"about":[{"href":"https:\/\/primermomento.com\/index.php?rest_route=\/wp\/v2\/types\/post"}],"author":[{"embeddable":true,"href":"https:\/\/primermomento.com\/index.php?rest_route=\/wp\/v2\/users\/1"}],"replies":[{"embeddable":true,"href":"https:\/\/primermomento.com\/index.php?rest_route=%2Fwp%2Fv2%2Fcomments&post=314632"}],"version-history":[{"count":1,"href":"https:\/\/primermomento.com\/index.php?rest_route=\/wp\/v2\/posts\/314632\/revisions"}],"predecessor-version":[{"id":314633,"href":"https:\/\/primermomento.com\/index.php?rest_route=\/wp\/v2\/posts\/314632\/revisions\/314633"}],"wp:attachment":[{"href":"https:\/\/primermomento.com\/index.php?rest_route=%2Fwp%2Fv2%2Fmedia&parent=314632"}],"wp:term":[{"taxonomy":"category","embeddable":true,"href":"https:\/\/primermomento.com\/index.php?rest_route=%2Fwp%2Fv2%2Fcategories&post=314632"},{"taxonomy":"post_tag","embeddable":true,"href":"https:\/\/primermomento.com\/index.php?rest_route=%2Fwp%2Fv2%2Ftags&post=314632"}],"curies":[{"name":"wp","href":"https:\/\/api.w.org\/{rel}","templated":true}]}}