{"id":314635,"date":"2019-01-29T11:30:20","date_gmt":"2019-01-29T15:30:20","guid":{"rendered":"http:\/\/primermomento.com\/?p=314635"},"modified":"2019-01-29T11:30:21","modified_gmt":"2019-01-29T15:30:21","slug":"presidente-danilo-medina-clama-por-la-unidad-progresista","status":"publish","type":"post","link":"https:\/\/primermomento.com\/?p=314635","title":{"rendered":"Presidente Danilo Medina clama por la unidad progresista"},"content":{"rendered":"\n<p>SANTO DOMINGO, Rep\u00fablica Dominicana.- El presidente dominicano, Danilo Medina,  clam\u00f3 en esta capital por mirar m\u00e1s all\u00e1 de las peque\u00f1as diferencias  ideol\u00f3gicas para construir proyectos de unidad progresista que den  respuestas a las demandas de la poblaci\u00f3n.                         <br>                          <\/p>\n\n\n\n<figure class=\"wp-block-image\"><img loading=\"lazy\" decoding=\"async\" width=\"1024\" height=\"642\" src=\"http:\/\/primermomento.com\/wp-content\/uploads\/2019\/01\/Danilo-Medina-IS-1024x642.jpg\" alt=\"\" class=\"wp-image-314636\" srcset=\"https:\/\/primermomento.com\/wp-content\/uploads\/2019\/01\/Danilo-Medina-IS-1024x642.jpg 1024w, https:\/\/primermomento.com\/wp-content\/uploads\/2019\/01\/Danilo-Medina-IS-300x188.jpg 300w, https:\/\/primermomento.com\/wp-content\/uploads\/2019\/01\/Danilo-Medina-IS-768x482.jpg 768w, https:\/\/primermomento.com\/wp-content\/uploads\/2019\/01\/Danilo-Medina-IS-500x314.jpg 500w, https:\/\/primermomento.com\/wp-content\/uploads\/2019\/01\/Danilo-Medina-IS-280x176.jpg 280w, https:\/\/primermomento.com\/wp-content\/uploads\/2019\/01\/Danilo-Medina-IS-638x400.jpg 638w, https:\/\/primermomento.com\/wp-content\/uploads\/2019\/01\/Danilo-Medina-IS-118x74.jpg 118w, https:\/\/primermomento.com\/wp-content\/uploads\/2019\/01\/Danilo-Medina-IS-479x301.jpg 479w, https:\/\/primermomento.com\/wp-content\/uploads\/2019\/01\/Danilo-Medina-IS.jpg 1111w\" sizes=\"auto, (max-width: 1024px) 100vw, 1024px\" \/><\/figure>\n\n\n\n<p>Lo anterior fue  expuesto por el jefe de Estado al intervenir en la inauguraci\u00f3n del  Consejo Mundial de la Internacional Socialista, que se celebra en el  Hotel Crown de Santo Domingo, con la presencia de un centenar de  participantes.<\/p>\n\n\n\n<p> Medina expres\u00f3 c\u00f3mo la batalla interna es el \nalimento para el desencanto y herramienta para quienes no creen en la \npol\u00edtica y s\u00f3lo se sirven de esta para llegar al poder por sus \nintereses.<\/p>\n\n\n\n<p> Asimismo, afirm\u00f3 que existe una tendencia a \ndesconfiar de las instituciones y de los partidos pol\u00edticos en \nparticular tras algunos a\u00f1os de liberalizaci\u00f3n y globalizaci\u00f3n \necon\u00f3mica, produciendo por consecuencia desorientaci\u00f3n en sectores de la\n sociedad.<\/p>\n\n\n\n<p> Finalmente, el mandatario dijo que es importante \nsentarse junto y poner en com\u00fan perspectiva de muchos pa\u00edses y contextos\n distintos, demostrando en la pr\u00e1ctica como la respuesta  frente a  los \nnuevos retos no es la nostalgia ni el aislamiento &#8216;sino el libre \nintercambio de las ideas y la mirada puesta en el futuro&#8217;.<\/p>\n\n\n\n<p> En el\n evento se encuentran l\u00edderes pol\u00edticos de decenas de pa\u00edses y concluir\u00e1\n ma\u00f1ana con una exposici\u00f3n del presidente del Gobierno de Espa\u00f1a, Pedro \nS\u00e1nchez.<\/p>\n\n\n\n<p> El Consejo de la Internacional Socialista tiene \nprevisto debatir tres temas principales: el multilateralismo; los \nderechos y libertades contra la intolerancia, la discriminaci\u00f3n, la \nxenofobia y el populismo, y la protecci\u00f3n de las democracias de las \nnuevas amenazas.<\/p>\n\n\n\n<p> La Internacional Socialista agrupa a partidos  de todo el mundo y esta es la segunda ocasi\u00f3n en que Rep\u00fablica  Dominicana acoge una reuni\u00f3n del Consejo Mundial del organismo, la  anterior fue en 2009.<\/p>\n\n\n\n<p style=\"text-align:right\">PL<br><\/p>\n","protected":false},"excerpt":{"rendered":"<p>SANTO DOMINGO, Rep\u00fablica Dominicana.- El presidente dominicano, Danilo Medina, clam\u00f3 en esta capital por mirar m\u00e1s all\u00e1 de las peque\u00f1as diferencias ideol\u00f3gicas para construir proyectos de unidad progresista que den respuestas a las demandas de la poblaci\u00f3n. Lo anterior fue expuesto por el jefe de Estado al intervenir en la inauguraci\u00f3n del Consejo Mundial de [&hellip;]<\/p>\n","protected":false},"author":1,"featured_media":0,"comment_status":"open","ping_status":"open","sticky":false,"template":"","format":"standard","meta":{"_bbp_topic_count":0,"_bbp_reply_count":0,"_bbp_total_topic_count":0,"_bbp_total_reply_count":0,"_bbp_voice_count":0,"_bbp_anonymous_reply_count":0,"_bbp_topic_count_hidden":0,"_bbp_reply_count_hidden":0,"_bbp_forum_subforum_count":0,"footnotes":""},"categories":[60,31],"tags":[],"class_list":{"0":"post-314635","1":"post","2":"type-post","3":"status-publish","4":"format-standard","6":"category-titulares-del-dia","7":"category-estados-unidos"},"_links":{"self":[{"href":"https:\/\/primermomento.com\/index.php?rest_route=\/wp\/v2\/posts\/314635","targetHints":{"allow":["GET"]}}],"collection":[{"href":"https:\/\/primermomento.com\/index.php?rest_route=\/wp\/v2\/posts"}],"about":[{"href":"https:\/\/primermomento.com\/index.php?rest_route=\/wp\/v2\/types\/post"}],"author":[{"embeddable":true,"href":"https:\/\/primermomento.com\/index.php?rest_route=\/wp\/v2\/users\/1"}],"replies":[{"embeddable":true,"href":"https:\/\/primermomento.com\/index.php?rest_route=%2Fwp%2Fv2%2Fcomments&post=314635"}],"version-history":[{"count":1,"href":"https:\/\/primermomento.com\/index.php?rest_route=\/wp\/v2\/posts\/314635\/revisions"}],"predecessor-version":[{"id":314637,"href":"https:\/\/primermomento.com\/index.php?rest_route=\/wp\/v2\/posts\/314635\/revisions\/314637"}],"wp:attachment":[{"href":"https:\/\/primermomento.com\/index.php?rest_route=%2Fwp%2Fv2%2Fmedia&parent=314635"}],"wp:term":[{"taxonomy":"category","embeddable":true,"href":"https:\/\/primermomento.com\/index.php?rest_route=%2Fwp%2Fv2%2Fcategories&post=314635"},{"taxonomy":"post_tag","embeddable":true,"href":"https:\/\/primermomento.com\/index.php?rest_route=%2Fwp%2Fv2%2Ftags&post=314635"}],"curies":[{"name":"wp","href":"https:\/\/api.w.org\/{rel}","templated":true}]}}