{"id":314638,"date":"2019-01-29T11:35:55","date_gmt":"2019-01-29T15:35:55","guid":{"rendered":"http:\/\/primermomento.com\/?p=314638"},"modified":"2019-01-29T11:35:56","modified_gmt":"2019-01-29T15:35:56","slug":"presidente-del-gobierno-espanol-comienza-visita-a-dominicana","status":"publish","type":"post","link":"https:\/\/primermomento.com\/?p=314638","title":{"rendered":"Presidente del Gobierno espa\u00f1ol comienza visita a Dominicana"},"content":{"rendered":"\n<p> SANTO DOMINGO, Rep\u00fablica Dominicana.- El presidente del Gobierno espa\u00f1ol, Pedro  S\u00e1nchez, comienza hoy una visita a Rep\u00fablica Dominicana, durante la  cual se reunir\u00e1 con autoridades de la naci\u00f3n caribe\u00f1a                           <br>                         <\/p>\n\n\n\n<figure class=\"wp-block-image\"><img loading=\"lazy\" decoding=\"async\" width=\"928\" height=\"619\" src=\"http:\/\/primermomento.com\/wp-content\/uploads\/2019\/01\/Pedro-S\u00e1nchez.jpg\" alt=\"\" class=\"wp-image-314639\" srcset=\"https:\/\/primermomento.com\/wp-content\/uploads\/2019\/01\/Pedro-S\u00e1nchez.jpg 928w, https:\/\/primermomento.com\/wp-content\/uploads\/2019\/01\/Pedro-S\u00e1nchez-300x200.jpg 300w, https:\/\/primermomento.com\/wp-content\/uploads\/2019\/01\/Pedro-S\u00e1nchez-768x512.jpg 768w, https:\/\/primermomento.com\/wp-content\/uploads\/2019\/01\/Pedro-S\u00e1nchez-73x50.jpg 73w, https:\/\/primermomento.com\/wp-content\/uploads\/2019\/01\/Pedro-S\u00e1nchez-500x334.jpg 500w, https:\/\/primermomento.com\/wp-content\/uploads\/2019\/01\/Pedro-S\u00e1nchez-280x187.jpg 280w, https:\/\/primermomento.com\/wp-content\/uploads\/2019\/01\/Pedro-S\u00e1nchez-60x40.jpg 60w, https:\/\/primermomento.com\/wp-content\/uploads\/2019\/01\/Pedro-S\u00e1nchez-638x426.jpg 638w, https:\/\/primermomento.com\/wp-content\/uploads\/2019\/01\/Pedro-S\u00e1nchez-118x79.jpg 118w, https:\/\/primermomento.com\/wp-content\/uploads\/2019\/01\/Pedro-S\u00e1nchez-479x320.jpg 479w\" sizes=\"auto, (max-width: 928px) 100vw, 928px\" \/><figcaption> <br>Pedro S\u00e1nchez <\/figcaption><\/figure>\n\n\n\n<p>De acuerdo con el  programa divulgado por la presidencia, S\u00e1nchez ser\u00e1 recibido por el  presidente, Danilo Medina, en el Palacio Nacional, para tratar temas de  inter\u00e9s y renovar los lazos de amistad y cooperaci\u00f3n que unen a ambas  naciones.<\/p>\n\n\n\n<p> Luego proceder\u00e1n a la ceremonia de firma de acuerdos \nen el Sal\u00f3n de Embajadores y posteriormente Medina ofrecer\u00e1 un almuerzo \nal jefe de gobierno espa\u00f1ol.<\/p>\n\n\n\n<p> La visita concluir\u00e1 con una ofrenda floral a las 16:00, hora local, en el Altar de la Patria.<\/p>\n\n\n\n<p>\n La delegaci\u00f3n dominicana a las conversaciones la integran los ministros\n de Relaciones Exteriores, Miguel Vargas; de la Presidencia, Gustavo \nMontalvo; Administrativo de la Presidencia, Jos\u00e9 Ram\u00f3n Peralta; de \nEconom\u00eda, Planificaci\u00f3n y Desarrollo, Isidoro Santana, y de Turismo, \nFrancisco Javier Garc\u00eda, as\u00ed como el embajador en Espa\u00f1a, Olivo \nRodr\u00edguez.<\/p>\n\n\n\n<p> Asimismo, la comitiva espa\u00f1ola la componen el  embajador del Reino de Espa\u00f1a ante la Rep\u00fablica Dominicana, Alejandro  Abell\u00e1n; el secretario de Estado de Comunicaci\u00f3n, Miguel \u00c1ngel Oliver;  el secretario de Estado de Cooperaci\u00f3n Internacional para Iberoam\u00e9rica y  El Caribe, Juan Pablo de Laiglesia, y el secretario general de Asuntos  Internacionales, Jos\u00e9 Manuel Albares, entre otros. <\/p>\n\n\n\n<p style=\"text-align:right\">PL<\/p>\n\n\n\n<p><\/p>\n","protected":false},"excerpt":{"rendered":"<p>SANTO DOMINGO, Rep\u00fablica Dominicana.- El presidente del Gobierno espa\u00f1ol, Pedro S\u00e1nchez, comienza hoy una visita a Rep\u00fablica Dominicana, durante la cual se reunir\u00e1 con autoridades de la naci\u00f3n caribe\u00f1a De acuerdo con el programa divulgado por la presidencia, S\u00e1nchez ser\u00e1 recibido por el presidente, Danilo Medina, en el Palacio Nacional, para tratar temas de inter\u00e9s [&hellip;]<\/p>\n","protected":false},"author":1,"featured_media":0,"comment_status":"open","ping_status":"open","sticky":false,"template":"","format":"standard","meta":{"_bbp_topic_count":0,"_bbp_reply_count":0,"_bbp_total_topic_count":0,"_bbp_total_reply_count":0,"_bbp_voice_count":0,"_bbp_anonymous_reply_count":0,"_bbp_topic_count_hidden":0,"_bbp_reply_count_hidden":0,"_bbp_forum_subforum_count":0,"footnotes":""},"categories":[60,32],"tags":[],"class_list":{"0":"post-314638","1":"post","2":"type-post","3":"status-publish","4":"format-standard","6":"category-titulares-del-dia","7":"category-lo-ultimo"},"_links":{"self":[{"href":"https:\/\/primermomento.com\/index.php?rest_route=\/wp\/v2\/posts\/314638","targetHints":{"allow":["GET"]}}],"collection":[{"href":"https:\/\/primermomento.com\/index.php?rest_route=\/wp\/v2\/posts"}],"about":[{"href":"https:\/\/primermomento.com\/index.php?rest_route=\/wp\/v2\/types\/post"}],"author":[{"embeddable":true,"href":"https:\/\/primermomento.com\/index.php?rest_route=\/wp\/v2\/users\/1"}],"replies":[{"embeddable":true,"href":"https:\/\/primermomento.com\/index.php?rest_route=%2Fwp%2Fv2%2Fcomments&post=314638"}],"version-history":[{"count":1,"href":"https:\/\/primermomento.com\/index.php?rest_route=\/wp\/v2\/posts\/314638\/revisions"}],"predecessor-version":[{"id":314640,"href":"https:\/\/primermomento.com\/index.php?rest_route=\/wp\/v2\/posts\/314638\/revisions\/314640"}],"wp:attachment":[{"href":"https:\/\/primermomento.com\/index.php?rest_route=%2Fwp%2Fv2%2Fmedia&parent=314638"}],"wp:term":[{"taxonomy":"category","embeddable":true,"href":"https:\/\/primermomento.com\/index.php?rest_route=%2Fwp%2Fv2%2Fcategories&post=314638"},{"taxonomy":"post_tag","embeddable":true,"href":"https:\/\/primermomento.com\/index.php?rest_route=%2Fwp%2Fv2%2Ftags&post=314638"}],"curies":[{"name":"wp","href":"https:\/\/api.w.org\/{rel}","templated":true}]}}