{"id":314641,"date":"2019-01-29T11:38:32","date_gmt":"2019-01-29T15:38:32","guid":{"rendered":"http:\/\/primermomento.com\/?p=314641"},"modified":"2019-01-29T11:38:34","modified_gmt":"2019-01-29T15:38:34","slug":"metro-de-la-capital-arriba-a-su-primera-decada","status":"publish","type":"post","link":"https:\/\/primermomento.com\/?p=314641","title":{"rendered":"Metro de la capital arriba a su primera d\u00e9cada"},"content":{"rendered":"\n<p> SANTO DOMINGO, Rep\u00fablica Dominicana.- El Metro de Santo Domingo arriba hoy a su  primera d\u00e9cada de vida con m\u00e1s de 500 millones de nacionales y  visitantes transportados desde su inauguraci\u00f3n en 2009.                         <br>                          <\/p>\n\n\n\n<figure class=\"wp-block-image\"><img loading=\"lazy\" decoding=\"async\" width=\"748\" height=\"498\" src=\"http:\/\/primermomento.com\/wp-content\/uploads\/2019\/01\/Dominicana-Metro.jpg\" alt=\"\" class=\"wp-image-314642\" srcset=\"https:\/\/primermomento.com\/wp-content\/uploads\/2019\/01\/Dominicana-Metro.jpg 748w, https:\/\/primermomento.com\/wp-content\/uploads\/2019\/01\/Dominicana-Metro-300x200.jpg 300w, https:\/\/primermomento.com\/wp-content\/uploads\/2019\/01\/Dominicana-Metro-73x50.jpg 73w, https:\/\/primermomento.com\/wp-content\/uploads\/2019\/01\/Dominicana-Metro-500x333.jpg 500w, https:\/\/primermomento.com\/wp-content\/uploads\/2019\/01\/Dominicana-Metro-280x186.jpg 280w, https:\/\/primermomento.com\/wp-content\/uploads\/2019\/01\/Dominicana-Metro-60x40.jpg 60w, https:\/\/primermomento.com\/wp-content\/uploads\/2019\/01\/Dominicana-Metro-638x425.jpg 638w, https:\/\/primermomento.com\/wp-content\/uploads\/2019\/01\/Dominicana-Metro-118x79.jpg 118w, https:\/\/primermomento.com\/wp-content\/uploads\/2019\/01\/Dominicana-Metro-479x319.jpg 479w\" sizes=\"auto, (max-width: 748px) 100vw, 748px\" \/><\/figure>\n\n\n\n<p>De acuerdo con una nota de prensa de la Oficina para el Reordenamiento  del Transporte, la primera l\u00ednea del metro fue inaugurada el 29 de enero  de 2009, en el 2013 se le agreg\u00f3 la 2A y el pasado a\u00f1o la 2B, logrando  as\u00ed una infraestructura que permite a los usuarios conectar de norte a  sur y de este a oeste zonas del Gran Santo Domingo.<\/p>\n\n\n\n<p> El metro, \ndesde sus inicios, mantiene invariable su tarifa de 20 pesos dominicanos\n (0,39 d\u00f3lares), siendo esta la opci\u00f3n m\u00e1s econ\u00f3mica del transporte \np\u00fablico de la ciudad.<\/p>\n\n\n\n<p> El director ejecutivo de la instituci\u00f3n, \nManuel Saleta, dio a conocer que desde sus inicios al moderno sistema de\n transporte se le efectuaron cerca de 30 trabajos de mantenimiento y \nremodelaci\u00f3n.<\/p>\n\n\n\n<p> Asimismo, explic\u00f3 desde octubre de 2017 funciona \nel proyecto Cultura Metro, &#8216;puesto en marcha para educar a los usuarios \ndel subterr\u00e1neo y promover la cultura y los valores que nos identifican \ncomo naci\u00f3n, el cual lleva m\u00e1s de 80 visitas guiadas de estudiantes y \nprofesores provenientes de escuelas y colegios de la capital y pueblos \nde provincias&#8217;.<\/p>\n\n\n\n<p> Por \u00faltimo, precisa la informaci\u00f3n, en 2018  fueron incorporados 18 vagones a ambas l\u00edneas y la proyecci\u00f3n de  movilizaci\u00f3n para este a\u00f1o es de 96 millones de pasajeros.<\/p>\n\n\n\n<p style=\"text-align:right\"><em>PL<\/em><br><\/p>\n","protected":false},"excerpt":{"rendered":"<p>SANTO DOMINGO, Rep\u00fablica Dominicana.- El Metro de Santo Domingo arriba hoy a su primera d\u00e9cada de vida con m\u00e1s de 500 millones de nacionales y visitantes transportados desde su inauguraci\u00f3n en 2009. De acuerdo con una nota de prensa de la Oficina para el Reordenamiento del Transporte, la primera l\u00ednea del metro fue inaugurada el [&hellip;]<\/p>\n","protected":false},"author":1,"featured_media":0,"comment_status":"open","ping_status":"open","sticky":false,"template":"","format":"standard","meta":{"_bbp_topic_count":0,"_bbp_reply_count":0,"_bbp_total_topic_count":0,"_bbp_total_reply_count":0,"_bbp_voice_count":0,"_bbp_anonymous_reply_count":0,"_bbp_topic_count_hidden":0,"_bbp_reply_count_hidden":0,"_bbp_forum_subforum_count":0,"footnotes":""},"categories":[30,60],"tags":[],"class_list":{"0":"post-314641","1":"post","2":"type-post","3":"status-publish","4":"format-standard","6":"category-actualidad","7":"category-titulares-del-dia"},"_links":{"self":[{"href":"https:\/\/primermomento.com\/index.php?rest_route=\/wp\/v2\/posts\/314641","targetHints":{"allow":["GET"]}}],"collection":[{"href":"https:\/\/primermomento.com\/index.php?rest_route=\/wp\/v2\/posts"}],"about":[{"href":"https:\/\/primermomento.com\/index.php?rest_route=\/wp\/v2\/types\/post"}],"author":[{"embeddable":true,"href":"https:\/\/primermomento.com\/index.php?rest_route=\/wp\/v2\/users\/1"}],"replies":[{"embeddable":true,"href":"https:\/\/primermomento.com\/index.php?rest_route=%2Fwp%2Fv2%2Fcomments&post=314641"}],"version-history":[{"count":1,"href":"https:\/\/primermomento.com\/index.php?rest_route=\/wp\/v2\/posts\/314641\/revisions"}],"predecessor-version":[{"id":314643,"href":"https:\/\/primermomento.com\/index.php?rest_route=\/wp\/v2\/posts\/314641\/revisions\/314643"}],"wp:attachment":[{"href":"https:\/\/primermomento.com\/index.php?rest_route=%2Fwp%2Fv2%2Fmedia&parent=314641"}],"wp:term":[{"taxonomy":"category","embeddable":true,"href":"https:\/\/primermomento.com\/index.php?rest_route=%2Fwp%2Fv2%2Fcategories&post=314641"},{"taxonomy":"post_tag","embeddable":true,"href":"https:\/\/primermomento.com\/index.php?rest_route=%2Fwp%2Fv2%2Ftags&post=314641"}],"curies":[{"name":"wp","href":"https:\/\/api.w.org\/{rel}","templated":true}]}}