{"id":314644,"date":"2019-01-29T11:46:29","date_gmt":"2019-01-29T15:46:29","guid":{"rendered":"http:\/\/primermomento.com\/?p=314644"},"modified":"2019-01-29T11:46:30","modified_gmt":"2019-01-29T15:46:30","slug":"inclemencia-del-tiempo-afectara-ny-y-estados-aledanos","status":"publish","type":"post","link":"https:\/\/primermomento.com\/?p=314644","title":{"rendered":"Inclemencia del tiempo afectar\u00e1 NY y estados aleda\u00f1os"},"content":{"rendered":"\n<p>\u00a0NUEVA YORK, Nueva York.- La dura inclemencia del tiempo, con bajas temperatura de hasta 0\u00b0 Fahrenheit, nieve, lluvias heladas y fuertes vientos afectar\u00e1n este y otros estados aleda\u00f1os, lo que trastornar\u00e1 el desenvolvimiento laboral, vehicular y peatonal a millones de personas, incluyendo m\u00e1s de un mill\u00f3n de dominicanos residentes en varios de esos lugares.<\/p>\n\n\n\n<figure class=\"wp-block-image\"><img loading=\"lazy\" decoding=\"async\" width=\"614\" height=\"467\" src=\"http:\/\/primermomento.com\/wp-content\/uploads\/2019\/01\/Inclemencia-del-tiempo-afectar\u00e1-NY-y-estados-aleda\u00f1os-por-varios-d\u00edas-dominicanos-ser\u00e1n-afectados.jpg\" alt=\"\" class=\"wp-image-314645\" srcset=\"https:\/\/primermomento.com\/wp-content\/uploads\/2019\/01\/Inclemencia-del-tiempo-afectar\u00e1-NY-y-estados-aleda\u00f1os-por-varios-d\u00edas-dominicanos-ser\u00e1n-afectados.jpg 614w, https:\/\/primermomento.com\/wp-content\/uploads\/2019\/01\/Inclemencia-del-tiempo-afectar\u00e1-NY-y-estados-aleda\u00f1os-por-varios-d\u00edas-dominicanos-ser\u00e1n-afectados-300x228.jpg 300w, https:\/\/primermomento.com\/wp-content\/uploads\/2019\/01\/Inclemencia-del-tiempo-afectar\u00e1-NY-y-estados-aleda\u00f1os-por-varios-d\u00edas-dominicanos-ser\u00e1n-afectados-120x90.jpg 120w, https:\/\/primermomento.com\/wp-content\/uploads\/2019\/01\/Inclemencia-del-tiempo-afectar\u00e1-NY-y-estados-aleda\u00f1os-por-varios-d\u00edas-dominicanos-ser\u00e1n-afectados-500x380.jpg 500w, https:\/\/primermomento.com\/wp-content\/uploads\/2019\/01\/Inclemencia-del-tiempo-afectar\u00e1-NY-y-estados-aleda\u00f1os-por-varios-d\u00edas-dominicanos-ser\u00e1n-afectados-280x213.jpg 280w, https:\/\/primermomento.com\/wp-content\/uploads\/2019\/01\/Inclemencia-del-tiempo-afectar\u00e1-NY-y-estados-aleda\u00f1os-por-varios-d\u00edas-dominicanos-ser\u00e1n-afectados-118x90.jpg 118w, https:\/\/primermomento.com\/wp-content\/uploads\/2019\/01\/Inclemencia-del-tiempo-afectar\u00e1-NY-y-estados-aleda\u00f1os-por-varios-d\u00edas-dominicanos-ser\u00e1n-afectados-479x364.jpg 479w\" sizes=\"auto, (max-width: 614px) 100vw, 614px\" \/><\/figure>\n\n\n\n<p>Desde este martes nuestra \u00e1rea est\u00e1 bajo\nadvertencia de tiempo invernal, inform\u00f3 el Servicio Nacional de Meteorolog\u00eda de\nEstados Unidos. <\/p>\n\n\n\n<p>Se esperan algunas pulgadas de nieve en la\nzona urbana y en la monta\u00f1osa alrededor de seis. Lo mismo ocurrir\u00e1 en Nueva\nJersey, Connecticut y Pensilvania, entre otros.<\/p>\n\n\n\n<p>La ciudad de NY ha tomado las medidas de\nlugar, alistando cientos de trabajadores y veintenas de veh\u00edculos pesados para\ncombatir la nieve; asimismo, con las personas desamparadas en las calles.<\/p>\n\n\n\n<p>En la Gran Manzana hay alrededor de 64 mil\nindigentes que se quedan en albergues y cerca de 4 mil que duermen en las\ncalles.<\/p>\n\n\n\n<p>Una vez se aleje esta primera tormenta,\nestar\u00eda llegando otra ola de aire polar \u00e1rtico durante la tarde del mi\u00e9rcoles\nhasta el pr\u00f3ximo s\u00e1bado.<\/p>\n\n\n\n<p>Lo peor del fr\u00edo se espera durante el\njueves y viernes, cuando las temperaturas m\u00ednimas estar\u00edan en un solo d\u00edgito\nmientras que las sensaciones t\u00e9rmicas har\u00e1 sentir la temperatura entre 10 a 15\ngrados bajo cero.<\/p>\n\n\n\n<p>El Medio Oeste del pa\u00eds ha estado\nenfrentando el invierno m\u00e1s brutal de los \u00faltimos 25 a\u00f1os con m\u00ednimas en los 20\ngrados bajo cero y sensaciones t\u00e9rmicas de hasta 50 grados bajo cero en algunos\nlugares.<\/p>\n\n\n\n<p>Estas temperaturas provocan el congelamiento de la piel en solo 5 minutos al exponerse a tales condiciones.<\/p>\n\n\n\n<p style=\"text-align:right\">Ram\u00f3n Mercedes<\/p>\n","protected":false},"excerpt":{"rendered":"<p>\u00a0NUEVA YORK, Nueva York.- La dura inclemencia del tiempo, con bajas temperatura de hasta 0\u00b0 Fahrenheit, nieve, lluvias heladas y fuertes vientos afectar\u00e1n este y otros estados aleda\u00f1os, lo que trastornar\u00e1 el desenvolvimiento laboral, vehicular y peatonal a millones de personas, incluyendo m\u00e1s de un mill\u00f3n de dominicanos residentes en varios de esos lugares. Desde [&hellip;]<\/p>\n","protected":false},"author":1,"featured_media":0,"comment_status":"open","ping_status":"open","sticky":false,"template":"","format":"standard","meta":{"_bbp_topic_count":0,"_bbp_reply_count":0,"_bbp_total_topic_count":0,"_bbp_total_reply_count":0,"_bbp_voice_count":0,"_bbp_anonymous_reply_count":0,"_bbp_topic_count_hidden":0,"_bbp_reply_count_hidden":0,"_bbp_forum_subforum_count":0,"footnotes":""},"categories":[60,32],"tags":[],"class_list":{"0":"post-314644","1":"post","2":"type-post","3":"status-publish","4":"format-standard","6":"category-titulares-del-dia","7":"category-lo-ultimo"},"_links":{"self":[{"href":"https:\/\/primermomento.com\/index.php?rest_route=\/wp\/v2\/posts\/314644","targetHints":{"allow":["GET"]}}],"collection":[{"href":"https:\/\/primermomento.com\/index.php?rest_route=\/wp\/v2\/posts"}],"about":[{"href":"https:\/\/primermomento.com\/index.php?rest_route=\/wp\/v2\/types\/post"}],"author":[{"embeddable":true,"href":"https:\/\/primermomento.com\/index.php?rest_route=\/wp\/v2\/users\/1"}],"replies":[{"embeddable":true,"href":"https:\/\/primermomento.com\/index.php?rest_route=%2Fwp%2Fv2%2Fcomments&post=314644"}],"version-history":[{"count":1,"href":"https:\/\/primermomento.com\/index.php?rest_route=\/wp\/v2\/posts\/314644\/revisions"}],"predecessor-version":[{"id":314646,"href":"https:\/\/primermomento.com\/index.php?rest_route=\/wp\/v2\/posts\/314644\/revisions\/314646"}],"wp:attachment":[{"href":"https:\/\/primermomento.com\/index.php?rest_route=%2Fwp%2Fv2%2Fmedia&parent=314644"}],"wp:term":[{"taxonomy":"category","embeddable":true,"href":"https:\/\/primermomento.com\/index.php?rest_route=%2Fwp%2Fv2%2Fcategories&post=314644"},{"taxonomy":"post_tag","embeddable":true,"href":"https:\/\/primermomento.com\/index.php?rest_route=%2Fwp%2Fv2%2Ftags&post=314644"}],"curies":[{"name":"wp","href":"https:\/\/api.w.org\/{rel}","templated":true}]}}