{"id":314661,"date":"2019-01-29T09:33:13","date_gmt":"2019-01-29T13:33:13","guid":{"rendered":"http:\/\/primermomento.com\/?p=314661"},"modified":"2019-01-29T14:35:26","modified_gmt":"2019-01-29T18:35:26","slug":"exabogado-de-trump-testificara-ante-panel-de-la-camara-de-representantes","status":"publish","type":"post","link":"https:\/\/primermomento.com\/?p=314661","title":{"rendered":"Exabogado de Trump testificar\u00e1 ante panel de la C\u00e1mara de Representantes"},"content":{"rendered":"\n<p> WASHINGTON, Distrito de Columbia.- Michael Cohen, exabogado personal del  presidente estadounidense, Donald Trump, comparecer\u00e1 la pr\u00f3xima semana  ante un panel de la C\u00e1mara de Representantes, confirmaron hoy fuentes  legislativas.                         <br>                         <\/p>\n\n\n\n<figure class=\"wp-block-image\"><img loading=\"lazy\" decoding=\"async\" width=\"748\" height=\"498\" src=\"http:\/\/primermomento.com\/wp-content\/uploads\/2019\/01\/d-abogado.jpg\" alt=\"\" class=\"wp-image-314662\" srcset=\"https:\/\/primermomento.com\/wp-content\/uploads\/2019\/01\/d-abogado.jpg 748w, https:\/\/primermomento.com\/wp-content\/uploads\/2019\/01\/d-abogado-300x200.jpg 300w, https:\/\/primermomento.com\/wp-content\/uploads\/2019\/01\/d-abogado-73x50.jpg 73w, https:\/\/primermomento.com\/wp-content\/uploads\/2019\/01\/d-abogado-500x333.jpg 500w, https:\/\/primermomento.com\/wp-content\/uploads\/2019\/01\/d-abogado-280x186.jpg 280w, https:\/\/primermomento.com\/wp-content\/uploads\/2019\/01\/d-abogado-60x40.jpg 60w, https:\/\/primermomento.com\/wp-content\/uploads\/2019\/01\/d-abogado-638x425.jpg 638w, https:\/\/primermomento.com\/wp-content\/uploads\/2019\/01\/d-abogado-118x79.jpg 118w, https:\/\/primermomento.com\/wp-content\/uploads\/2019\/01\/d-abogado-479x319.jpg 479w\" sizes=\"auto, (max-width: 748px) 100vw, 748px\" \/><\/figure>\n\n\n\n<p> El jefe del Comit\u00e9 de Inteligencia de ese \u00f3rgano, Adam Schiff, explic\u00f3  que Cohen testificar\u00e1 el 8 de febrero a puerta cerrada y critic\u00f3 al  Gobierno por las presiones.<\/p>\n\n\n\n<p> Los esfuerzos por intimidar a los \ntestigos, asustar a los miembros de su familia o impedir que testifiquen\n ante el Congreso son t\u00e1cticas que esperamos del crimen organizado, no \nde la Casa Blanca, expres\u00f3.<\/p>\n\n\n\n<p> D\u00edas atr\u00e1s el asesor legal de Cohen,\n Lanny Davis, anunci\u00f3 que su defendido aplaz\u00f3 declarar ante el Comit\u00e9 de\n Supervisi\u00f3n de la C\u00e1mara de Representantes sobre su trabajo con el \nmandatario por las amenazas de Trump y de Rudy Giuliani, letrado del \ngobernante.<\/p>\n\n\n\n<p> Este es un momento en el cual el se\u00f1or Cohen tuvo \nque poner primero la seguridad de su familia y la propia, anot\u00f3 Davis en\n un comunicado, sin precisar la naturaleza de las advertencias.<\/p>\n\n\n\n<p> \nEl exabogado del mandatario se declar\u00f3 culpable en agosto pasado ante un\n tribunal federal de Nueva York por fraude fiscal, hacer declaraciones \nfalsas ante un banco y una violaci\u00f3n de financiamiento de campa\u00f1a.<\/p>\n\n\n\n<p>\n Manifest\u00f3 en la corte que este \u00faltimo delito fue resultado de los pagos\n que realiz\u00f3 durante la campa\u00f1a electoral de 2016, a instancias de \nTrump, a Stormy Daniels y Karen McDougal, mujeres que sostienen haber \nmantenido relaciones con el jefe de Estado.<\/p>\n\n\n\n<p> En numerosas ocasiones el presidente ha acusado a Cohen de mentir, como parte de una &#8216;cacer\u00eda de brujas&#8217; en su contra.<\/p>\n\n\n\n<p>\n Los ataques de Trump contra su antiguo asesor se deben a su cooperaci\u00f3n\n con la investigaci\u00f3n del fiscal especial, Robert Mueller, sobre la \npresunta interferencia de Rusia en las elecciones de 2016 y una supuesta\n complicidad del pa\u00eds euroasi\u00e1tico con el equipo de campa\u00f1a del \npresidente.<\/p>\n\n\n\n<p> Recientemente, el portal digital BuzzFeed public\u00f3 un\n art\u00edculo en el que dijo citar a dos oficiales federales, seg\u00fan los \ncuales el mandatario pidi\u00f3 a Cohen que mintiera al Congreso sobre las \nnegociaciones para construir una torre Trump en Mosc\u00fa.<\/p>\n\n\n\n<p> Al decir  de la publicaci\u00f3n, el letrado reconoci\u00f3 ante Mueller que despu\u00e9s de los  comicios presidenciales, Trump le dio instrucciones para que manifestara  que las negociaciones terminaron en enero de 2016 en lugar de  prolongarse al menos hasta junio de ese a\u00f1o, como realmente ocurri\u00f3.<\/p>\n\n\n\n<p style=\"text-align:right\">PL<br><\/p>\n","protected":false},"excerpt":{"rendered":"<p>WASHINGTON, Distrito de Columbia.- Michael Cohen, exabogado personal del presidente estadounidense, Donald Trump, comparecer\u00e1 la pr\u00f3xima semana ante un panel de la C\u00e1mara de Representantes, confirmaron hoy fuentes legislativas. El jefe del Comit\u00e9 de Inteligencia de ese \u00f3rgano, Adam Schiff, explic\u00f3 que Cohen testificar\u00e1 el 8 de febrero a puerta cerrada y critic\u00f3 al Gobierno [&hellip;]<\/p>\n","protected":false},"author":1,"featured_media":0,"comment_status":"open","ping_status":"open","sticky":false,"template":"","format":"standard","meta":{"_bbp_topic_count":0,"_bbp_reply_count":0,"_bbp_total_topic_count":0,"_bbp_total_reply_count":0,"_bbp_voice_count":0,"_bbp_anonymous_reply_count":0,"_bbp_topic_count_hidden":0,"_bbp_reply_count_hidden":0,"_bbp_forum_subforum_count":0,"footnotes":""},"categories":[60,31],"tags":[],"class_list":{"0":"post-314661","1":"post","2":"type-post","3":"status-publish","4":"format-standard","6":"category-titulares-del-dia","7":"category-estados-unidos"},"_links":{"self":[{"href":"https:\/\/primermomento.com\/index.php?rest_route=\/wp\/v2\/posts\/314661","targetHints":{"allow":["GET"]}}],"collection":[{"href":"https:\/\/primermomento.com\/index.php?rest_route=\/wp\/v2\/posts"}],"about":[{"href":"https:\/\/primermomento.com\/index.php?rest_route=\/wp\/v2\/types\/post"}],"author":[{"embeddable":true,"href":"https:\/\/primermomento.com\/index.php?rest_route=\/wp\/v2\/users\/1"}],"replies":[{"embeddable":true,"href":"https:\/\/primermomento.com\/index.php?rest_route=%2Fwp%2Fv2%2Fcomments&post=314661"}],"version-history":[{"count":1,"href":"https:\/\/primermomento.com\/index.php?rest_route=\/wp\/v2\/posts\/314661\/revisions"}],"predecessor-version":[{"id":314663,"href":"https:\/\/primermomento.com\/index.php?rest_route=\/wp\/v2\/posts\/314661\/revisions\/314663"}],"wp:attachment":[{"href":"https:\/\/primermomento.com\/index.php?rest_route=%2Fwp%2Fv2%2Fmedia&parent=314661"}],"wp:term":[{"taxonomy":"category","embeddable":true,"href":"https:\/\/primermomento.com\/index.php?rest_route=%2Fwp%2Fv2%2Fcategories&post=314661"},{"taxonomy":"post_tag","embeddable":true,"href":"https:\/\/primermomento.com\/index.php?rest_route=%2Fwp%2Fv2%2Ftags&post=314661"}],"curies":[{"name":"wp","href":"https:\/\/api.w.org\/{rel}","templated":true}]}}