{"id":314664,"date":"2019-01-29T10:00:33","date_gmt":"2019-01-29T14:00:33","guid":{"rendered":"http:\/\/primermomento.com\/?p=314664"},"modified":"2019-01-29T14:38:58","modified_gmt":"2019-01-29T18:38:58","slug":"exasesor-de-trump-se-declara-inocente-de-siete-cargos-federales","status":"publish","type":"post","link":"https:\/\/primermomento.com\/?p=314664","title":{"rendered":"Exasesor de Trump se declara inocente de siete cargos federales"},"content":{"rendered":"\n<p>  WASHINGTON, Distrito de Columbia.- Roger Stone, exasesor del presidente  estadounidense, Donald Trump, se declar\u00f3 hoy inocente de siete cargos en  su contra relacionados con la investigaci\u00f3n del fiscal especial Robert  Mueller sobre las elecciones de 2016.                         <br>                          <\/p>\n\n\n\n<figure class=\"wp-block-image\"><img loading=\"lazy\" decoding=\"async\" width=\"970\" height=\"580\" src=\"http:\/\/primermomento.com\/wp-content\/uploads\/2019\/01\/Roger-Stone.jpg\" alt=\"\" class=\"wp-image-314665\" srcset=\"https:\/\/primermomento.com\/wp-content\/uploads\/2019\/01\/Roger-Stone.jpg 970w, https:\/\/primermomento.com\/wp-content\/uploads\/2019\/01\/Roger-Stone-300x179.jpg 300w, https:\/\/primermomento.com\/wp-content\/uploads\/2019\/01\/Roger-Stone-768x459.jpg 768w, https:\/\/primermomento.com\/wp-content\/uploads\/2019\/01\/Roger-Stone-110x66.jpg 110w, https:\/\/primermomento.com\/wp-content\/uploads\/2019\/01\/Roger-Stone-500x299.jpg 500w, https:\/\/primermomento.com\/wp-content\/uploads\/2019\/01\/Roger-Stone-280x167.jpg 280w, https:\/\/primermomento.com\/wp-content\/uploads\/2019\/01\/Roger-Stone-638x381.jpg 638w, https:\/\/primermomento.com\/wp-content\/uploads\/2019\/01\/Roger-Stone-118x71.jpg 118w, https:\/\/primermomento.com\/wp-content\/uploads\/2019\/01\/Roger-Stone-479x286.jpg 479w\" sizes=\"auto, (max-width: 970px) 100vw, 970px\" \/><figcaption> Roger Stone <\/figcaption><\/figure>\n\n\n\n<p>Stone present\u00f3 su  declaraci\u00f3n durante una breve comparecencia ante una corte del Distrito  de Columbia, aunque deber\u00e1 volver el pr\u00f3ximo viernes tras una orden  emitida por la jueza Deborah Robinson.<\/p>\n\n\n\n<p> El exasesor fue liberado el viernes \u00faltimo tras pagar una fianza de 250 mil d\u00f3lares y entregar su pasaporte.<\/p>\n\n\n\n<p>\n Stone fue acusado por la oficina del fiscal especial Robert Mueller por\n presuntamente mentir al Congreso, manipular testimonios y obstaculizar a\n la justicia.<\/p>\n\n\n\n<p> Seg\u00fan la denuncia, obstruy\u00f3 las investigaciones \ndel Comit\u00e9 de Inteligencia de la C\u00e1mara de Representantes y el FBI \nacerca de la presunta interferencia de Rusia en las elecciones en las \ncuales presidente Donald Trump result\u00f3 electo.<\/p>\n\n\n\n<p> Mueller encabeza \nuna pesquisa sobre esos comicios, la cual ha sido duramente criticada \npor el mandatario, que considera el proceso una &#8216;cacer\u00eda de brujas&#8217;.<\/p>\n\n\n\n<p>\n Como parte de la investigaci\u00f3n, la pr\u00f3xima semana Michael Cohen, \nexabogado personal de Trump, comparecer\u00e1 ante un panel de la C\u00e1mara de \nRepresentantes.<\/p>\n\n\n\n<p> El jefe del Comit\u00e9 de Inteligencia de ese \n\u00f3rgano, Adam Schiff, explic\u00f3 que Cohen presentar\u00e1 testimonio el 8 de \nfebrero a puerta cerrada y critic\u00f3 al gobierno por las presiones contra \nel testigo.<\/p>\n\n\n\n<p> El exabogado del mandatario se declar\u00f3 culpable en \nagosto pasado ante un tribunal federal de Nueva York por fraude fiscal, \nhacer declaraciones falsas ante un banco y una violaci\u00f3n de \nfinanciamiento de campa\u00f1a.<\/p>\n\n\n\n<p> En numerosas ocasiones el jefe de Estado acus\u00f3 a Cohen de mentir y manifest\u00f3 su inocencia. <\/p>\n\n\n\n<p style=\"text-align:right\">PL<\/p>\n","protected":false},"excerpt":{"rendered":"<p>WASHINGTON, Distrito de Columbia.- Roger Stone, exasesor del presidente estadounidense, Donald Trump, se declar\u00f3 hoy inocente de siete cargos en su contra relacionados con la investigaci\u00f3n del fiscal especial Robert Mueller sobre las elecciones de 2016. Stone present\u00f3 su declaraci\u00f3n durante una breve comparecencia ante una corte del Distrito de Columbia, aunque deber\u00e1 volver el [&hellip;]<\/p>\n","protected":false},"author":1,"featured_media":0,"comment_status":"open","ping_status":"open","sticky":false,"template":"","format":"standard","meta":{"_bbp_topic_count":0,"_bbp_reply_count":0,"_bbp_total_topic_count":0,"_bbp_total_reply_count":0,"_bbp_voice_count":0,"_bbp_anonymous_reply_count":0,"_bbp_topic_count_hidden":0,"_bbp_reply_count_hidden":0,"_bbp_forum_subforum_count":0,"footnotes":""},"categories":[60,31],"tags":[],"class_list":{"0":"post-314664","1":"post","2":"type-post","3":"status-publish","4":"format-standard","6":"category-titulares-del-dia","7":"category-estados-unidos"},"_links":{"self":[{"href":"https:\/\/primermomento.com\/index.php?rest_route=\/wp\/v2\/posts\/314664","targetHints":{"allow":["GET"]}}],"collection":[{"href":"https:\/\/primermomento.com\/index.php?rest_route=\/wp\/v2\/posts"}],"about":[{"href":"https:\/\/primermomento.com\/index.php?rest_route=\/wp\/v2\/types\/post"}],"author":[{"embeddable":true,"href":"https:\/\/primermomento.com\/index.php?rest_route=\/wp\/v2\/users\/1"}],"replies":[{"embeddable":true,"href":"https:\/\/primermomento.com\/index.php?rest_route=%2Fwp%2Fv2%2Fcomments&post=314664"}],"version-history":[{"count":1,"href":"https:\/\/primermomento.com\/index.php?rest_route=\/wp\/v2\/posts\/314664\/revisions"}],"predecessor-version":[{"id":314666,"href":"https:\/\/primermomento.com\/index.php?rest_route=\/wp\/v2\/posts\/314664\/revisions\/314666"}],"wp:attachment":[{"href":"https:\/\/primermomento.com\/index.php?rest_route=%2Fwp%2Fv2%2Fmedia&parent=314664"}],"wp:term":[{"taxonomy":"category","embeddable":true,"href":"https:\/\/primermomento.com\/index.php?rest_route=%2Fwp%2Fv2%2Fcategories&post=314664"},{"taxonomy":"post_tag","embeddable":true,"href":"https:\/\/primermomento.com\/index.php?rest_route=%2Fwp%2Fv2%2Ftags&post=314664"}],"curies":[{"name":"wp","href":"https:\/\/api.w.org\/{rel}","templated":true}]}}