{"id":314673,"date":"2019-01-29T10:45:06","date_gmt":"2019-01-29T14:45:06","guid":{"rendered":"http:\/\/primermomento.com\/?p=314673"},"modified":"2019-01-29T14:48:03","modified_gmt":"2019-01-29T18:48:03","slug":"fiscal-general-pide-prohibir-salida-del-pais-a-guaido-y-congelar-cuentas","status":"publish","type":"post","link":"https:\/\/primermomento.com\/?p=314673","title":{"rendered":"Fiscal General pide prohibir salida del pa\u00eds a Guaid\u00f3 y congelar cuentas"},"content":{"rendered":"\n<p>CARACAS, Venezuela.- El fiscal general de Venezuela, Tarek Saab, solicit\u00f3 al Tribunal Supremo  prohibir la salida del pa\u00eds del presidente encargado Juan Guaid\u00f3,  adem\u00e1s de bloquear sus cuentas en medio de una investigaci\u00f3n preliminar. <\/p>\n\n\n\n<figure class=\"wp-block-image\"><img loading=\"lazy\" decoding=\"async\" width=\"1023\" height=\"575\" src=\"http:\/\/primermomento.com\/wp-content\/uploads\/2019\/01\/Guaid\u00f3.jpg\" alt=\"\" class=\"wp-image-314674\" srcset=\"https:\/\/primermomento.com\/wp-content\/uploads\/2019\/01\/Guaid\u00f3.jpg 1023w, https:\/\/primermomento.com\/wp-content\/uploads\/2019\/01\/Guaid\u00f3-300x169.jpg 300w, https:\/\/primermomento.com\/wp-content\/uploads\/2019\/01\/Guaid\u00f3-768x432.jpg 768w, https:\/\/primermomento.com\/wp-content\/uploads\/2019\/01\/Guaid\u00f3-478x270.jpg 478w, https:\/\/primermomento.com\/wp-content\/uploads\/2019\/01\/Guaid\u00f3-216x120.jpg 216w, https:\/\/primermomento.com\/wp-content\/uploads\/2019\/01\/Guaid\u00f3-500x281.jpg 500w, https:\/\/primermomento.com\/wp-content\/uploads\/2019\/01\/Guaid\u00f3-280x157.jpg 280w, https:\/\/primermomento.com\/wp-content\/uploads\/2019\/01\/Guaid\u00f3-638x359.jpg 638w, https:\/\/primermomento.com\/wp-content\/uploads\/2019\/01\/Guaid\u00f3-118x66.jpg 118w, https:\/\/primermomento.com\/wp-content\/uploads\/2019\/01\/Guaid\u00f3-479x269.jpg 479w\" sizes=\"auto, (max-width: 1023px) 100vw, 1023px\" \/><figcaption> <br>El presidente encargado Juan Guiad\u00f3 afirma que no desestima amenaza de c\u00e1rcel. <\/figcaption><\/figure>\n\n\n\n<p>Seg\u00fan Reuters, el fiscal dijo a periodistas en el m\u00e1ximo tribunal, \nque la pesquisa obedece a los hechos \u00abviolentos\u00bb ocurridos en el pa\u00eds en\n los \u00faltimos d\u00edas y por solicitudes hechas a la comunidad internacional \nque han desencadenado en el bloqueo de cuentas de la rep\u00fablica. <\/p>\n\n\n\n<p>\u00abA partir del 22 de enero se han suscitado hechos violentos en el  pa\u00eds, pronunciamientos de gobiernos extranjeros y el congelamiento de  activos de la Rep\u00fablica, lo que implicar\u00eda la comisi\u00f3n de delitos graves  que atentan contra el orden constitucional\u00bb, public\u00f3 el Ministerio  P\u00fablico en su red social, citando las palabras del fiscal. Y a\u00f1adi\u00f3 que  por ello se tomaban las medidas en contra del presidente encargado, Juan  Guaid\u00f3.<\/p>\n\n\n\n<p>El Ministerio P\u00fablico de Venezuela, al abrir una investigaci\u00f3n \npreliminar a Guaid\u00f3, tambi\u00e9n le permite prohibici\u00f3n de enajenar y gravar\n bienes, muebles e inmuebles.\u200b<\/p>\n\n\n\n<p>Por su parte, Guaid\u00f3 afirma que no desestima amenaza de c\u00e1rcel y que,\n no obstante, va a seguir ejerciendo sus funciones como presidente \ninterino de Venezuela.<\/p>\n\n\n\n<p>Tambi\u00e9n dijo a los periodistas, en la ma\u00f1ana del martes, que el de  Maduro es \u00abun r\u00e9gimen que no le da respuesta los venezolanos y la \u00fanica  respuesta es persecuci\u00f3n, represi\u00f3n\u00bb.<\/p>\n\n\n\n<p> Como legislador y cabeza de la Asamblea Nacional, Guaid\u00f3 tiene derecho de inmunidada investigaci\u00f3n criminal, que puede ser eliminada por un alto tribunal.<\/p>\n\n\n\n<p style=\"text-align:right\">VOANEWS  <\/p>\n","protected":false},"excerpt":{"rendered":"<p>CARACAS, Venezuela.- El fiscal general de Venezuela, Tarek Saab, solicit\u00f3 al Tribunal Supremo prohibir la salida del pa\u00eds del presidente encargado Juan Guaid\u00f3, adem\u00e1s de bloquear sus cuentas en medio de una investigaci\u00f3n preliminar. Seg\u00fan Reuters, el fiscal dijo a periodistas en el m\u00e1ximo tribunal, que la pesquisa obedece a los hechos \u00abviolentos\u00bb ocurridos en [&hellip;]<\/p>\n","protected":false},"author":1,"featured_media":0,"comment_status":"open","ping_status":"open","sticky":false,"template":"","format":"standard","meta":{"_bbp_topic_count":0,"_bbp_reply_count":0,"_bbp_total_topic_count":0,"_bbp_total_reply_count":0,"_bbp_voice_count":0,"_bbp_anonymous_reply_count":0,"_bbp_topic_count_hidden":0,"_bbp_reply_count_hidden":0,"_bbp_forum_subforum_count":0,"footnotes":""},"categories":[60,61],"tags":[],"class_list":{"0":"post-314673","1":"post","2":"type-post","3":"status-publish","4":"format-standard","6":"category-titulares-del-dia","7":"category-mundo"},"_links":{"self":[{"href":"https:\/\/primermomento.com\/index.php?rest_route=\/wp\/v2\/posts\/314673","targetHints":{"allow":["GET"]}}],"collection":[{"href":"https:\/\/primermomento.com\/index.php?rest_route=\/wp\/v2\/posts"}],"about":[{"href":"https:\/\/primermomento.com\/index.php?rest_route=\/wp\/v2\/types\/post"}],"author":[{"embeddable":true,"href":"https:\/\/primermomento.com\/index.php?rest_route=\/wp\/v2\/users\/1"}],"replies":[{"embeddable":true,"href":"https:\/\/primermomento.com\/index.php?rest_route=%2Fwp%2Fv2%2Fcomments&post=314673"}],"version-history":[{"count":1,"href":"https:\/\/primermomento.com\/index.php?rest_route=\/wp\/v2\/posts\/314673\/revisions"}],"predecessor-version":[{"id":314675,"href":"https:\/\/primermomento.com\/index.php?rest_route=\/wp\/v2\/posts\/314673\/revisions\/314675"}],"wp:attachment":[{"href":"https:\/\/primermomento.com\/index.php?rest_route=%2Fwp%2Fv2%2Fmedia&parent=314673"}],"wp:term":[{"taxonomy":"category","embeddable":true,"href":"https:\/\/primermomento.com\/index.php?rest_route=%2Fwp%2Fv2%2Fcategories&post=314673"},{"taxonomy":"post_tag","embeddable":true,"href":"https:\/\/primermomento.com\/index.php?rest_route=%2Fwp%2Fv2%2Ftags&post=314673"}],"curies":[{"name":"wp","href":"https:\/\/api.w.org\/{rel}","templated":true}]}}