{"id":314676,"date":"2019-01-29T10:31:24","date_gmt":"2019-01-29T14:31:24","guid":{"rendered":"http:\/\/primermomento.com\/?p=314676"},"modified":"2019-01-29T15:33:47","modified_gmt":"2019-01-29T19:33:47","slug":"seguidores-de-luis-abinader-impulsan-registro-de-militantes-en-massachusetts","status":"publish","type":"post","link":"https:\/\/primermomento.com\/?p=314676","title":{"rendered":"Seguidores de Luis Abinader impulsan registro de militantes en Massachusetts"},"content":{"rendered":"\n<p>LAWRENCE,\n Massachusetts.- El proyecto internacional Luis Abinader Presidente 2020\n del Partido Revolucionario Moderno (PRM), realiz\u00f3 el domingo un \nencuentro de dirigentes en la seccional de Massachusetts, con el fin de \nagilizar el Programa de Registro de Militantes (PREMIL 2), con miras a \nla Convenci\u00f3n que se celebrar\u00e1 este a\u00f1o. <\/p>\n\n\n\n<figure class=\"wp-block-image\"><img loading=\"lazy\" decoding=\"async\" width=\"1024\" height=\"497\" src=\"http:\/\/primermomento.com\/wp-content\/uploads\/2019\/01\/Massachusetts1-1024x497.jpeg\" alt=\"\" class=\"wp-image-314677\" srcset=\"https:\/\/primermomento.com\/wp-content\/uploads\/2019\/01\/Massachusetts1-1024x497.jpeg 1024w, https:\/\/primermomento.com\/wp-content\/uploads\/2019\/01\/Massachusetts1-300x146.jpeg 300w, https:\/\/primermomento.com\/wp-content\/uploads\/2019\/01\/Massachusetts1-768x373.jpeg 768w, https:\/\/primermomento.com\/wp-content\/uploads\/2019\/01\/Massachusetts1-500x243.jpeg 500w, https:\/\/primermomento.com\/wp-content\/uploads\/2019\/01\/Massachusetts1-280x136.jpeg 280w, https:\/\/primermomento.com\/wp-content\/uploads\/2019\/01\/Massachusetts1-638x310.jpeg 638w, https:\/\/primermomento.com\/wp-content\/uploads\/2019\/01\/Massachusetts1-118x57.jpeg 118w, https:\/\/primermomento.com\/wp-content\/uploads\/2019\/01\/Massachusetts1-479x233.jpeg 479w, https:\/\/primermomento.com\/wp-content\/uploads\/2019\/01\/Massachusetts1.jpeg 1600w\" sizes=\"auto, (max-width: 1024px) 100vw, 1024px\" \/><\/figure>\n\n\n\n<p>El\n acto, organizado por Julia Pimentel, directora ejecutiva de LAP y \nDi\u00f3genes Reyes, coordinador, cont\u00f3 con la presencia de Margarito Carlos \nDe Le\u00f3n, coordinador internacional de LAP y Alfredo Arias Collado, \ncoordinador de la regi\u00f3n Norte de Nueva Inglaterra (en ingl\u00e9s: New \nEngland), que comprende seis estados: Maine, Nuevo Hampshire, Vermont, \nRhode Island y Connecticut. <\/p>\n\n\n\n<p>De\n Le\u00f3n hizo un resumen de la situaci\u00f3n pol\u00edtica que impera en la \nRep\u00fablica Dominicana y asegur\u00f3 que \u00aben el 2020 habr\u00e1 cambio, porque Luis\n Abinader ser\u00e1 el pr\u00f3ximo &nbsp;presidente. Pero para que eso sea una \nrealidad, tenemos que producir una monta\u00f1a de votos\u00bb. De ah\u00ed que \nenfatiz\u00f3 la importancia de que con el PREMIL 2, se conecte al PRM con la\n ciudadan\u00eda a trav\u00e9s de las distintas instancias partidarias en todos \nlos \u00e1mbitos sociales.<\/p>\n\n\n\n<p>En\n la actualidad, PREMIL 2 posee una plataforma tecnol\u00f3gica que permite a \nla ciudadan\u00eda acceder e inscribirse por medio de las redes sociales y \nbajar una aplicaci\u00f3n en Google Play o App Store llamada PRM APP, \nmediante la cual podr\u00e1n registrarse. Para m\u00e1s detalles, visitar <a href=\"https:\/\/prm.applepolitical.com\/prm\/members\" target=\"_blank\" rel=\"noreferrer noopener\">https:\/\/prm.applepolitical.com\/prm\/members<\/a> <br><br>Alfredo\n Arias Collado elogi\u00f3 el entusiasmo que existe entre los dirigentes y \nsimpatizantes de LAP en Massachusetts, los cuales \u00abest\u00e1n conscientes de \nque Luis Abinader es la alternativa para lograr un cambio pol\u00edtico que \nsaque a la Rep\u00fablica Dominicana del oc\u00e9ano de delincuencia, corrupci\u00f3n, \ndesempleo, falta de vivienda y servicios de salud, entre otros muchos \nmales\u00bb. Agreg\u00f3 que esos dirigentes saben que se necesita movilizar a la \npoblaci\u00f3n para lograr ese cambio. <\/p>\n\n\n\n<p>Entre\n los dirigentes que asistieron al evento, se citan: Miguel Mart\u00ednez, \npresidente de la seccional del PRM en Massachusetts; Rafael Santilaire, \nex presidente de la seccional; Julia Pimentel, Directora Ejecutiva de \nLAP; Oscar Guerrero, coordinador del Sector Externo; Edward Pimentel, \ncoordinador de la ciudad de Worcester; Deisi G\u00f3mez, directora electoral \ndel Comando de Campa\u00f1a; Francisco DeOleo, representante de la juventud.<\/p>\n\n\n\n<p>Tambi\u00e9n,\n Angela P\u00e9rez, coordinadora de las Mujeres; Evarista Gonz\u00e1lez, \ncoordinadora de la ciudad de Lynn; Agustina Matos, directora ejecutiva \nde la ciudad de Lynn; Tom\u00e1s Pujols, coordinador de Nashua, New \nHampshire; Antonio L\u00f3pez, vicepresidente del PRM y coordinador LAP en \nLawrence; Ram\u00f3n Fondeur, director ejecutivo ciudad de Lawrence; Apolinar\n Lugo, coordinador ciudad de Lowell; F\u00e9lix Mart\u00ednez, director pol\u00edtico; \nDi\u00f3genes Reyes, coordinador de LAP, excus\u00f3 su ausencia por la muerte de \nun hermano.<\/p>\n\n\n\n<p>Otros dirigentes y miembros de seccionales vecinas se unieron al evento.<\/p>\n","protected":false},"excerpt":{"rendered":"<p>LAWRENCE, Massachusetts.- El proyecto internacional Luis Abinader Presidente 2020 del Partido Revolucionario Moderno (PRM), realiz\u00f3 el domingo un encuentro de dirigentes en la seccional de Massachusetts, con el fin de agilizar el Programa de Registro de Militantes (PREMIL 2), con miras a la Convenci\u00f3n que se celebrar\u00e1 este a\u00f1o. El acto, organizado por Julia Pimentel, [&hellip;]<\/p>\n","protected":false},"author":1,"featured_media":0,"comment_status":"open","ping_status":"open","sticky":false,"template":"","format":"standard","meta":{"_bbp_topic_count":0,"_bbp_reply_count":0,"_bbp_total_topic_count":0,"_bbp_total_reply_count":0,"_bbp_voice_count":0,"_bbp_anonymous_reply_count":0,"_bbp_topic_count_hidden":0,"_bbp_reply_count_hidden":0,"_bbp_forum_subforum_count":0,"footnotes":""},"categories":[60,31],"tags":[],"class_list":{"0":"post-314676","1":"post","2":"type-post","3":"status-publish","4":"format-standard","6":"category-titulares-del-dia","7":"category-estados-unidos"},"_links":{"self":[{"href":"https:\/\/primermomento.com\/index.php?rest_route=\/wp\/v2\/posts\/314676","targetHints":{"allow":["GET"]}}],"collection":[{"href":"https:\/\/primermomento.com\/index.php?rest_route=\/wp\/v2\/posts"}],"about":[{"href":"https:\/\/primermomento.com\/index.php?rest_route=\/wp\/v2\/types\/post"}],"author":[{"embeddable":true,"href":"https:\/\/primermomento.com\/index.php?rest_route=\/wp\/v2\/users\/1"}],"replies":[{"embeddable":true,"href":"https:\/\/primermomento.com\/index.php?rest_route=%2Fwp%2Fv2%2Fcomments&post=314676"}],"version-history":[{"count":1,"href":"https:\/\/primermomento.com\/index.php?rest_route=\/wp\/v2\/posts\/314676\/revisions"}],"predecessor-version":[{"id":314678,"href":"https:\/\/primermomento.com\/index.php?rest_route=\/wp\/v2\/posts\/314676\/revisions\/314678"}],"wp:attachment":[{"href":"https:\/\/primermomento.com\/index.php?rest_route=%2Fwp%2Fv2%2Fmedia&parent=314676"}],"wp:term":[{"taxonomy":"category","embeddable":true,"href":"https:\/\/primermomento.com\/index.php?rest_route=%2Fwp%2Fv2%2Fcategories&post=314676"},{"taxonomy":"post_tag","embeddable":true,"href":"https:\/\/primermomento.com\/index.php?rest_route=%2Fwp%2Fv2%2Ftags&post=314676"}],"curies":[{"name":"wp","href":"https:\/\/api.w.org\/{rel}","templated":true}]}}