{"id":314690,"date":"2019-01-30T11:50:45","date_gmt":"2019-01-30T15:50:45","guid":{"rendered":"http:\/\/primermomento.com\/?p=314690"},"modified":"2019-01-30T11:50:46","modified_gmt":"2019-01-30T15:50:46","slug":"bani-acusado-de-violar-a-hija-de-fiscal-no-es-el-real-agresor","status":"publish","type":"post","link":"https:\/\/primermomento.com\/?p=314690","title":{"rendered":"BAN\u00cd | Acusado de violar a hija de fiscal no es el real agresor"},"content":{"rendered":"\n<p> BAN\u00cd, Rep\u00fablica Dominicana.- La fiscal del Tribunal de Ni\u00f1os, Ni\u00f1as y Adolescentes de aqu\u00ed, Cecilia B\u00e1ez, aclar\u00f3 que un sospechoso acusado por la Polic\u00eda de haber violado a su hija -exfiscal- no es el real agresor de la joven mujer.  <\/p>\n\n\n\n<figure class=\"wp-block-image\"><img loading=\"lazy\" decoding=\"async\" width=\"872\" height=\"654\" src=\"http:\/\/primermomento.com\/wp-content\/uploads\/2016\/05\/Cecilia-Baez11.jpg\" alt=\"\" class=\"wp-image-276525\" srcset=\"https:\/\/primermomento.com\/wp-content\/uploads\/2016\/05\/Cecilia-Baez11.jpg 872w, https:\/\/primermomento.com\/wp-content\/uploads\/2016\/05\/Cecilia-Baez11-300x225.jpg 300w, https:\/\/primermomento.com\/wp-content\/uploads\/2016\/05\/Cecilia-Baez11-768x576.jpg 768w, https:\/\/primermomento.com\/wp-content\/uploads\/2016\/05\/Cecilia-Baez11-120x90.jpg 120w, https:\/\/primermomento.com\/wp-content\/uploads\/2016\/05\/Cecilia-Baez11-500x375.jpg 500w, https:\/\/primermomento.com\/wp-content\/uploads\/2016\/05\/Cecilia-Baez11-280x210.jpg 280w, https:\/\/primermomento.com\/wp-content\/uploads\/2016\/05\/Cecilia-Baez11-638x479.jpg 638w, https:\/\/primermomento.com\/wp-content\/uploads\/2016\/05\/Cecilia-Baez11-118x89.jpg 118w, https:\/\/primermomento.com\/wp-content\/uploads\/2016\/05\/Cecilia-Baez11-479x359.jpg 479w\" sizes=\"auto, (max-width: 872px) 100vw, 872px\" \/><figcaption>Cecilia B\u00e1ez. FOTO archivo|Primer Momento<\/figcaption><\/figure>\n\n\n\n<p>El hombre fue arrestado por la Polic\u00eda en Boca Canasta por presunta violaci\u00f3n sexual de la hija de la magistrada, la abogada Yaneris del Carmen D\u00edaz Presinal, hecho ocurrido en su vivienda en el residencial El Nuevo Milenio, la madrugada del pasado 15 de enero.<\/p>\n\n\n\n<p>La madre y la hija declararon a los investigadores de reconocieron que esa no es la cara del sujeto que invadi\u00f3 su vivienda, por lo que no iban a querellarse contra el arrestado, a quien se le conocer\u00eda medidas de coerci\u00f3n en el Tribunal de Atenci\u00f3n Permanente del Distrito Judicial de Peravia, este mi\u00e9rcoles.<\/p>\n\n\n\n<p>El portavoz de la Polic\u00eda, Adderly Fr\u00edas hab\u00eda informado de la detenci\u00f3n de Arialis Pe\u00f1a Mej\u00eda, al\u00edas Ariandy, de 51 a\u00f1os, residente en la calle M\u00e1ximo G\u00f3mez, n\u00famero 65 de la comunidad de Boca Canasta, mediante la orden de arresto n\u00famero 24\/2019 por presuntamente haber violado a la hija de la fiscal B\u00e1ez.<\/p>\n\n\n\n<p>Madre e hija han pedido al director general de la Polic\u00eda Nacional, mayor general Ney Aldrin Almonte Batista, designar una comisi\u00f3n de oficiales calificados para que profundice la investigaci\u00f3n del caso a fin de apresar y someter al autor del hecho.<\/p>\n\n\n\n<p>El individuo que incursion\u00f3 la vivienda lo hizo con la  presencia de los hijos de la agredida y rob\u00f3 varios objetos personales.<\/p>\n\n\n\n<p>-No quiero pensar que con informar que apresaron al supuesto autor y lo hayan sometido  a la acci\u00f3n de la Justicia se pretenda dar por cerrado el caso, -afirm\u00f3 B\u00e1ez.<\/p>\n\n\n\n<p>\u00abHemos quedados impotentes y afectados moral y psicol\u00f3gicamente por tan abominable hecho\u201d, expres\u00f3 la fiscal.<\/p>\n\n\n\n<p>La magistrada Cecilia B\u00e1ez se desempe\u00f1\u00f3 por varios a\u00f1os como titular de la Unidad de Atenci\u00f3n a V\u00edctimas de Violencia Intrafamiliar, Delitos Sexuales y de G\u00e9nero, de donde fue trasladada hacia la Fiscal\u00eda Ni\u00f1os, Ni\u00f1as y Adolescentes.<\/p>\n\n\n\n<p style=\"text-align:right\">Primer Momento<\/p>\n","protected":false},"excerpt":{"rendered":"<p>BAN\u00cd, Rep\u00fablica Dominicana.- La fiscal del Tribunal de Ni\u00f1os, Ni\u00f1as y Adolescentes de aqu\u00ed, Cecilia B\u00e1ez, aclar\u00f3 que un sospechoso acusado por la Polic\u00eda de haber violado a su hija -exfiscal- no es el real agresor de la joven mujer. El hombre fue arrestado por la Polic\u00eda en Boca Canasta por presunta violaci\u00f3n sexual de [&hellip;]<\/p>\n","protected":false},"author":1,"featured_media":0,"comment_status":"open","ping_status":"open","sticky":false,"template":"","format":"standard","meta":{"_bbp_topic_count":0,"_bbp_reply_count":0,"_bbp_total_topic_count":0,"_bbp_total_reply_count":0,"_bbp_voice_count":0,"_bbp_anonymous_reply_count":0,"_bbp_topic_count_hidden":0,"_bbp_reply_count_hidden":0,"_bbp_forum_subforum_count":0,"footnotes":""},"categories":[60,32],"tags":[],"class_list":{"0":"post-314690","1":"post","2":"type-post","3":"status-publish","4":"format-standard","6":"category-titulares-del-dia","7":"category-lo-ultimo"},"_links":{"self":[{"href":"https:\/\/primermomento.com\/index.php?rest_route=\/wp\/v2\/posts\/314690","targetHints":{"allow":["GET"]}}],"collection":[{"href":"https:\/\/primermomento.com\/index.php?rest_route=\/wp\/v2\/posts"}],"about":[{"href":"https:\/\/primermomento.com\/index.php?rest_route=\/wp\/v2\/types\/post"}],"author":[{"embeddable":true,"href":"https:\/\/primermomento.com\/index.php?rest_route=\/wp\/v2\/users\/1"}],"replies":[{"embeddable":true,"href":"https:\/\/primermomento.com\/index.php?rest_route=%2Fwp%2Fv2%2Fcomments&post=314690"}],"version-history":[{"count":1,"href":"https:\/\/primermomento.com\/index.php?rest_route=\/wp\/v2\/posts\/314690\/revisions"}],"predecessor-version":[{"id":314691,"href":"https:\/\/primermomento.com\/index.php?rest_route=\/wp\/v2\/posts\/314690\/revisions\/314691"}],"wp:attachment":[{"href":"https:\/\/primermomento.com\/index.php?rest_route=%2Fwp%2Fv2%2Fmedia&parent=314690"}],"wp:term":[{"taxonomy":"category","embeddable":true,"href":"https:\/\/primermomento.com\/index.php?rest_route=%2Fwp%2Fv2%2Fcategories&post=314690"},{"taxonomy":"post_tag","embeddable":true,"href":"https:\/\/primermomento.com\/index.php?rest_route=%2Fwp%2Fv2%2Ftags&post=314690"}],"curies":[{"name":"wp","href":"https:\/\/api.w.org\/{rel}","templated":true}]}}