{"id":314693,"date":"2019-01-30T17:25:22","date_gmt":"2019-01-30T21:25:22","guid":{"rendered":"http:\/\/primermomento.com\/?p=314693"},"modified":"2019-01-30T17:25:23","modified_gmt":"2019-01-30T21:25:23","slug":"bani-expresidente-fernandez-vendra-a-la-provincia","status":"publish","type":"post","link":"https:\/\/primermomento.com\/?p=314693","title":{"rendered":"BAN\u00cd | Expresidente Fern\u00e1ndez vendr\u00e1 a la provincia"},"content":{"rendered":"\n<p> BAN\u00cd, Rep\u00fablica Dominicana.- El equipo coordinador de la provincia Peravia, de la precandidatura presidencial de Leonel Fern\u00e1ndez, demand\u00f3 \u00abcero campa\u00f1a sucia\u00bb para el exmandatario, al anunciar una visita pol\u00edtica en los municipios de Nizao y Ban\u00ed, el pr\u00f3ximo s\u00e1bado 2 de febrero.<\/p>\n\n\n\n<figure class=\"wp-block-image\"><img loading=\"lazy\" decoding=\"async\" width=\"640\" height=\"480\" src=\"http:\/\/primermomento.com\/wp-content\/uploads\/2019\/01\/IMG_7990.jpg\" alt=\"\" class=\"wp-image-314694\" srcset=\"https:\/\/primermomento.com\/wp-content\/uploads\/2019\/01\/IMG_7990.jpg 640w, https:\/\/primermomento.com\/wp-content\/uploads\/2019\/01\/IMG_7990-300x225.jpg 300w, https:\/\/primermomento.com\/wp-content\/uploads\/2019\/01\/IMG_7990-120x90.jpg 120w, https:\/\/primermomento.com\/wp-content\/uploads\/2019\/01\/IMG_7990-500x375.jpg 500w, https:\/\/primermomento.com\/wp-content\/uploads\/2019\/01\/IMG_7990-280x210.jpg 280w, https:\/\/primermomento.com\/wp-content\/uploads\/2019\/01\/IMG_7990-638x479.jpg 638w, https:\/\/primermomento.com\/wp-content\/uploads\/2019\/01\/IMG_7990-118x89.jpg 118w, https:\/\/primermomento.com\/wp-content\/uploads\/2019\/01\/IMG_7990-479x359.jpg 479w\" sizes=\"auto, (max-width: 640px) 100vw, 640px\" \/><figcaption>Liseloth Arias cuando le\u00eda el comunicado. FOTO | Primer Momento<\/figcaption><\/figure>\n\n\n\n<p>Liseloth Arias, miembro del Comit\u00e9 Central del Partido de la Liberaci\u00f3n Dominicana, ley\u00f3 un comunicado en el que destaca \u00abFrente a las calumnias, difamaciones, y ultraje, no hay marcha atr\u00e1s\u00bb, al mismo tiempo exhort\u00f3 a la poblaci\u00f3n de la provincia Peravia estar atentos contra cualquier campa\u00f1a sucia que se pretenda llevar a cabo contra Fern\u00e1ndez, que lo \u00fanico que busca es descalificarlo moralmente por su decidida defensa de la Constituci\u00f3n de la rep\u00fablica.<\/p>\n\n\n\n<p>De su lado, Bienvenido Montero, tambi\u00e9n del Comit\u00e9 Central del partido oficialista, expres\u00f3 estar\u00e1n en vigilia permanente contra cualquier difamaci\u00f3n, injuria o ultraje que se quiera ejecutar contrea el l\u00edder y presidente del PLD.<\/p>\n\n\n\n<p>\u00abUna nueva modificac\u00f3n constitucional con miras a la reelecci\u00f3n presidencial, llevar\u00eda al pa\u00eds al caos econ\u00f3mico, pol\u00edtico y social, y se pondr\u00eda en juego la estabilidad del sistema democr\u00e1tico\u00bb, precisa el documento dado a conocer a los medios locales de comunicaci\u00f3n social.<\/p>\n\n\n\n<p>Manifestaron que se intenta de da\u00f1ar la imagen del expresidente Fern\u00e1ndez con la \u00fanica finalidad de pretender una reelecci\u00f3n que es rechazada por m\u00e1s de un 70 por ciento de la poblaci\u00f3n dominicana.<\/p>\n\n\n\n<p>En la rueda de prensa revelaron que tienen informes que dan cuenta de que en los \u00faltimos d\u00edas se han realizado varias reuniones con el objetivo de desacreditar al exjefe de Estado. \u00abEsta campa\u00f1a est\u00e1 dirigida a tratar de bajar la popularidad de la que goza el expresidente Fern\u00e1ndez en todas las encuestas de opini\u00f3n p\u00fablica\u00bb.<\/p>\n\n\n\n<p>En el encuentro del equipo coordinador tambi\u00e9n estuvieron Daniel Pineda y Domingo Rosario, acompa\u00f1ados de seguidores de la tendencia que representa Leonel Fern\u00e1ndez al interior del PLD.<\/p>\n\n\n\n<p style=\"text-align:right\">Primer Momento<\/p>\n","protected":false},"excerpt":{"rendered":"<p>BAN\u00cd, Rep\u00fablica Dominicana.- El equipo coordinador de la provincia Peravia, de la precandidatura presidencial de Leonel Fern\u00e1ndez, demand\u00f3 \u00abcero campa\u00f1a sucia\u00bb para el exmandatario, al anunciar una visita pol\u00edtica en los municipios de Nizao y Ban\u00ed, el pr\u00f3ximo s\u00e1bado 2 de febrero. Liseloth Arias, miembro del Comit\u00e9 Central del Partido de la Liberaci\u00f3n Dominicana, ley\u00f3 [&hellip;]<\/p>\n","protected":false},"author":1,"featured_media":0,"comment_status":"open","ping_status":"open","sticky":false,"template":"","format":"standard","meta":{"_bbp_topic_count":0,"_bbp_reply_count":0,"_bbp_total_topic_count":0,"_bbp_total_reply_count":0,"_bbp_voice_count":0,"_bbp_anonymous_reply_count":0,"_bbp_topic_count_hidden":0,"_bbp_reply_count_hidden":0,"_bbp_forum_subforum_count":0,"footnotes":""},"categories":[30,60],"tags":[],"class_list":{"0":"post-314693","1":"post","2":"type-post","3":"status-publish","4":"format-standard","6":"category-actualidad","7":"category-titulares-del-dia"},"_links":{"self":[{"href":"https:\/\/primermomento.com\/index.php?rest_route=\/wp\/v2\/posts\/314693","targetHints":{"allow":["GET"]}}],"collection":[{"href":"https:\/\/primermomento.com\/index.php?rest_route=\/wp\/v2\/posts"}],"about":[{"href":"https:\/\/primermomento.com\/index.php?rest_route=\/wp\/v2\/types\/post"}],"author":[{"embeddable":true,"href":"https:\/\/primermomento.com\/index.php?rest_route=\/wp\/v2\/users\/1"}],"replies":[{"embeddable":true,"href":"https:\/\/primermomento.com\/index.php?rest_route=%2Fwp%2Fv2%2Fcomments&post=314693"}],"version-history":[{"count":1,"href":"https:\/\/primermomento.com\/index.php?rest_route=\/wp\/v2\/posts\/314693\/revisions"}],"predecessor-version":[{"id":314695,"href":"https:\/\/primermomento.com\/index.php?rest_route=\/wp\/v2\/posts\/314693\/revisions\/314695"}],"wp:attachment":[{"href":"https:\/\/primermomento.com\/index.php?rest_route=%2Fwp%2Fv2%2Fmedia&parent=314693"}],"wp:term":[{"taxonomy":"category","embeddable":true,"href":"https:\/\/primermomento.com\/index.php?rest_route=%2Fwp%2Fv2%2Fcategories&post=314693"},{"taxonomy":"post_tag","embeddable":true,"href":"https:\/\/primermomento.com\/index.php?rest_route=%2Fwp%2Fv2%2Ftags&post=314693"}],"curies":[{"name":"wp","href":"https:\/\/api.w.org\/{rel}","templated":true}]}}