{"id":314699,"date":"2019-01-30T10:29:21","date_gmt":"2019-01-30T14:29:21","guid":{"rendered":"http:\/\/primermomento.com\/?p=314699"},"modified":"2019-01-30T17:31:23","modified_gmt":"2019-01-30T21:31:23","slug":"movimiento-politico-denunciara-en-eeuu-y-canada-campana-sucia-contra-leonel","status":"publish","type":"post","link":"https:\/\/primermomento.com\/?p=314699","title":{"rendered":"Movimiento pol\u00edtico denunciar\u00e1 en EEUU y Canad\u00e1 campa\u00f1a sucia contra Leonel"},"content":{"rendered":"\n<p>NUEVA YORK, Nueva York.- El poderoso movimiento pol\u00edtico en esta ciudad \u201cLos 300 con Leonel\u201d, que agrupa cientos de miembros y respalda al ex presidente Leonel Fern\u00e1ndez, manifest\u00f3 que denunciar\u00e1 en varios estados de los Estados Unidos y Canad\u00e1, donde la comunidad dominicana es numerosa, sobre la campa\u00f1a sucia que se proponen hacer contra el ex mandatario.<\/p>\n\n\n\n<figure class=\"wp-block-image\"><img loading=\"lazy\" decoding=\"async\" width=\"741\" height=\"441\" src=\"http:\/\/primermomento.com\/wp-content\/uploads\/2019\/01\/Movimiento-pol\u00edtico-denunciar\u00e1-en-EE.UU-y-Canad\u00e1-campa\u00f1a-sucia-contra-Leonel.jpg\" alt=\"\" class=\"wp-image-314700\" srcset=\"https:\/\/primermomento.com\/wp-content\/uploads\/2019\/01\/Movimiento-pol\u00edtico-denunciar\u00e1-en-EE.UU-y-Canad\u00e1-campa\u00f1a-sucia-contra-Leonel.jpg 741w, https:\/\/primermomento.com\/wp-content\/uploads\/2019\/01\/Movimiento-pol\u00edtico-denunciar\u00e1-en-EE.UU-y-Canad\u00e1-campa\u00f1a-sucia-contra-Leonel-300x179.jpg 300w, https:\/\/primermomento.com\/wp-content\/uploads\/2019\/01\/Movimiento-pol\u00edtico-denunciar\u00e1-en-EE.UU-y-Canad\u00e1-campa\u00f1a-sucia-contra-Leonel-110x66.jpg 110w, https:\/\/primermomento.com\/wp-content\/uploads\/2019\/01\/Movimiento-pol\u00edtico-denunciar\u00e1-en-EE.UU-y-Canad\u00e1-campa\u00f1a-sucia-contra-Leonel-500x298.jpg 500w, https:\/\/primermomento.com\/wp-content\/uploads\/2019\/01\/Movimiento-pol\u00edtico-denunciar\u00e1-en-EE.UU-y-Canad\u00e1-campa\u00f1a-sucia-contra-Leonel-280x167.jpg 280w, https:\/\/primermomento.com\/wp-content\/uploads\/2019\/01\/Movimiento-pol\u00edtico-denunciar\u00e1-en-EE.UU-y-Canad\u00e1-campa\u00f1a-sucia-contra-Leonel-638x380.jpg 638w, https:\/\/primermomento.com\/wp-content\/uploads\/2019\/01\/Movimiento-pol\u00edtico-denunciar\u00e1-en-EE.UU-y-Canad\u00e1-campa\u00f1a-sucia-contra-Leonel-118x70.jpg 118w, https:\/\/primermomento.com\/wp-content\/uploads\/2019\/01\/Movimiento-pol\u00edtico-denunciar\u00e1-en-EE.UU-y-Canad\u00e1-campa\u00f1a-sucia-contra-Leonel-479x285.jpg 479w\" sizes=\"auto, (max-width: 741px) 100vw, 741px\" \/><\/figure>\n\n\n\n<p>En rueda de prensa, Geraldo Rosario,\npresidente de \u201cLos 300\u201d, sostuvo que el movimiento&nbsp; apoya la denuncia\nhecha por altos dirigentes del Partido de la Liberaci\u00f3n Dominicana (PLD), que\nrespaldan a Fern\u00e1ndez en sus aspiraciones de volver al poder y forman parte de\nsu proyecto, de que hay una trama de campa\u00f1a sucia en contra de su l\u00edder.<\/p>\n\n\n\n<p>En la misma participan&nbsp;figuras del Gobierno y cercanos al presidente Danilo Medina, que\npretenden perpetuarse en el poder, a trav\u00e9s de los cargos que ostentan, indic\u00f3.<\/p>\n\n\n\n<p>A\u00f1adi\u00f3 que el sector danilista dentro PLD est\u00e1 consciente de que el ex\npresidente ser\u00e1 el ganador de las primarias para convertirse en el candidato\noficial y luego el pr\u00f3ximo presidente de la rep\u00fablica en el 2020, cuyo\nescenario mantiene desesperados y desbocados a sus adversarios internos, porque\nno hay vueltas atr\u00e1s como dice nuestro l\u00edder\u201d, sentenci\u00f3 Rosario.<\/p>\n\n\n\n<p>\u00abIniciaremos nuestra denuncia ante clubes, asociaciones comunitarias, l\u00edderes y activistas comunitarios, dirigentes pol\u00edticos, amas de casas, taxistas, bodegueros, y ciudadanos comunes, y para tal fin nos proponemos elaborar miles de folletos.<\/p>\n\n\n\n<p style=\"text-align:right\">Ram\u00f3n Mercedes<\/p>\n","protected":false},"excerpt":{"rendered":"<p>NUEVA YORK, Nueva York.- El poderoso movimiento pol\u00edtico en esta ciudad \u201cLos 300 con Leonel\u201d, que agrupa cientos de miembros y respalda al ex presidente Leonel Fern\u00e1ndez, manifest\u00f3 que denunciar\u00e1 en varios estados de los Estados Unidos y Canad\u00e1, donde la comunidad dominicana es numerosa, sobre la campa\u00f1a sucia que se proponen hacer contra el [&hellip;]<\/p>\n","protected":false},"author":1,"featured_media":0,"comment_status":"open","ping_status":"open","sticky":false,"template":"","format":"standard","meta":{"_bbp_topic_count":0,"_bbp_reply_count":0,"_bbp_total_topic_count":0,"_bbp_total_reply_count":0,"_bbp_voice_count":0,"_bbp_anonymous_reply_count":0,"_bbp_topic_count_hidden":0,"_bbp_reply_count_hidden":0,"_bbp_forum_subforum_count":0,"footnotes":""},"categories":[60,31],"tags":[],"class_list":{"0":"post-314699","1":"post","2":"type-post","3":"status-publish","4":"format-standard","6":"category-titulares-del-dia","7":"category-estados-unidos"},"_links":{"self":[{"href":"https:\/\/primermomento.com\/index.php?rest_route=\/wp\/v2\/posts\/314699","targetHints":{"allow":["GET"]}}],"collection":[{"href":"https:\/\/primermomento.com\/index.php?rest_route=\/wp\/v2\/posts"}],"about":[{"href":"https:\/\/primermomento.com\/index.php?rest_route=\/wp\/v2\/types\/post"}],"author":[{"embeddable":true,"href":"https:\/\/primermomento.com\/index.php?rest_route=\/wp\/v2\/users\/1"}],"replies":[{"embeddable":true,"href":"https:\/\/primermomento.com\/index.php?rest_route=%2Fwp%2Fv2%2Fcomments&post=314699"}],"version-history":[{"count":1,"href":"https:\/\/primermomento.com\/index.php?rest_route=\/wp\/v2\/posts\/314699\/revisions"}],"predecessor-version":[{"id":314701,"href":"https:\/\/primermomento.com\/index.php?rest_route=\/wp\/v2\/posts\/314699\/revisions\/314701"}],"wp:attachment":[{"href":"https:\/\/primermomento.com\/index.php?rest_route=%2Fwp%2Fv2%2Fmedia&parent=314699"}],"wp:term":[{"taxonomy":"category","embeddable":true,"href":"https:\/\/primermomento.com\/index.php?rest_route=%2Fwp%2Fv2%2Fcategories&post=314699"},{"taxonomy":"post_tag","embeddable":true,"href":"https:\/\/primermomento.com\/index.php?rest_route=%2Fwp%2Fv2%2Ftags&post=314699"}],"curies":[{"name":"wp","href":"https:\/\/api.w.org\/{rel}","templated":true}]}}