{"id":314705,"date":"2019-01-30T10:36:30","date_gmt":"2019-01-30T14:36:30","guid":{"rendered":"http:\/\/primermomento.com\/?p=314705"},"modified":"2019-01-30T17:39:40","modified_gmt":"2019-01-30T21:39:40","slug":"tse-inaugura-maestria-sobre-alta-gerencia-y-partidos-politicos","status":"publish","type":"post","link":"https:\/\/primermomento.com\/?p=314705","title":{"rendered":"TSE inaugura maestr\u00eda sobre \u201cAlta Gerencia y Partidos Pol\u00edticos\u201d"},"content":{"rendered":"\n<p>SANTO DOMINGO, Rep\u00fablica Dominicana.- El  Tribunal Superior Electoral (TSE) lanz\u00f3 su segunda maestr\u00eda sobre \u201cAlta  Gerencia y Partidos Pol\u00edticos\u201d, que forma parte del programa acad\u00e9mico  que promueve el tribunal con el apoyo de la Universidad Cat\u00f3lica Santo  Domingo (UCSD). <\/p>\n\n\n\n<figure class=\"wp-block-image\"><img loading=\"lazy\" decoding=\"async\" width=\"553\" height=\"369\" src=\"http:\/\/primermomento.com\/wp-content\/uploads\/2019\/01\/Lanzamiento-maestr\u00eda-\u201cAlta-Gerencia-y-Partidos-Pol\u00edticos\u201d1.jpg\" alt=\"\" class=\"wp-image-314707\" srcset=\"https:\/\/primermomento.com\/wp-content\/uploads\/2019\/01\/Lanzamiento-maestr\u00eda-\u201cAlta-Gerencia-y-Partidos-Pol\u00edticos\u201d1.jpg 553w, https:\/\/primermomento.com\/wp-content\/uploads\/2019\/01\/Lanzamiento-maestr\u00eda-\u201cAlta-Gerencia-y-Partidos-Pol\u00edticos\u201d1-300x200.jpg 300w, https:\/\/primermomento.com\/wp-content\/uploads\/2019\/01\/Lanzamiento-maestr\u00eda-\u201cAlta-Gerencia-y-Partidos-Pol\u00edticos\u201d1-73x50.jpg 73w, https:\/\/primermomento.com\/wp-content\/uploads\/2019\/01\/Lanzamiento-maestr\u00eda-\u201cAlta-Gerencia-y-Partidos-Pol\u00edticos\u201d1-500x334.jpg 500w, https:\/\/primermomento.com\/wp-content\/uploads\/2019\/01\/Lanzamiento-maestr\u00eda-\u201cAlta-Gerencia-y-Partidos-Pol\u00edticos\u201d1-280x187.jpg 280w, https:\/\/primermomento.com\/wp-content\/uploads\/2019\/01\/Lanzamiento-maestr\u00eda-\u201cAlta-Gerencia-y-Partidos-Pol\u00edticos\u201d1-60x40.jpg 60w, https:\/\/primermomento.com\/wp-content\/uploads\/2019\/01\/Lanzamiento-maestr\u00eda-\u201cAlta-Gerencia-y-Partidos-Pol\u00edticos\u201d1-118x79.jpg 118w, https:\/\/primermomento.com\/wp-content\/uploads\/2019\/01\/Lanzamiento-maestr\u00eda-\u201cAlta-Gerencia-y-Partidos-Pol\u00edticos\u201d1-479x320.jpg 479w\" sizes=\"auto, (max-width: 553px) 100vw, 553px\" \/><\/figure>\n\n\n\n<p>Esta\n maestr\u00eda es parte del proyecto \u201cJusticia Electoral y Cultura \nDemocr\u00e1tica\u201d que desarrolla el tribunal para socializar con los diversos\n sectores la importancia de la justicia electoral y los valores \ndemocr\u00e1ticos en un Estado Social y Democr\u00e1tico de Derecho.<\/p>\n\n\n\n<p>El\n objetivo de la maestr\u00eda es promover el entendimiento de los actores \npol\u00edticos y la ciudadan\u00eda sobre la importancia de la justicia electoral \npara el sistema democr\u00e1tico, las funciones del TSE y los valores \ndemocr\u00e1ticos. El proyecto incluye tres programas: sensibilizaci\u00f3n, \ncapacitaci\u00f3n y formaci\u00f3n y publicaciones.<\/p>\n\n\n\n<p>&nbsp;&nbsp;&nbsp;&nbsp;&nbsp;&nbsp;&nbsp;&nbsp;&nbsp;\n Durante el acto de inicio de la maestr\u00eda y como parte del programa del \ns\u00e9ptimo aniversario del TSE, particip\u00f3 el doctor Jos\u00e9 de Jes\u00fas Orozco \nHenr\u00edquez, profesor de la Universidad Nacional de M\u00e9xico (UNAM) y \nexperto en derecho electoral, quien expuso el tema \u201cLa Garant\u00eda \nJurisdiccional de la Democracia Interna de los Partidos Pol\u00edticos en \nAm\u00e9rica Latina\u201d.<\/p>\n\n\n\n<p>Orozco\n plante\u00f3 que \u201csin partidos pol\u00edticos no puede haber una democracia \naut\u00e9ntica y pluralista, ya que sin partidos estables y con suficiente \ncohesi\u00f3n y disciplina interna la democracia no ser\u00e1 una forma de \norganizaci\u00f3n eficaz para los pueblos\u201d.<\/p>\n","protected":false},"excerpt":{"rendered":"<p>SANTO DOMINGO, Rep\u00fablica Dominicana.- El Tribunal Superior Electoral (TSE) lanz\u00f3 su segunda maestr\u00eda sobre \u201cAlta Gerencia y Partidos Pol\u00edticos\u201d, que forma parte del programa acad\u00e9mico que promueve el tribunal con el apoyo de la Universidad Cat\u00f3lica Santo Domingo (UCSD). Esta maestr\u00eda es parte del proyecto \u201cJusticia Electoral y Cultura Democr\u00e1tica\u201d que desarrolla el tribunal para [&hellip;]<\/p>\n","protected":false},"author":1,"featured_media":0,"comment_status":"open","ping_status":"open","sticky":false,"template":"","format":"standard","meta":{"_bbp_topic_count":0,"_bbp_reply_count":0,"_bbp_total_topic_count":0,"_bbp_total_reply_count":0,"_bbp_voice_count":0,"_bbp_anonymous_reply_count":0,"_bbp_topic_count_hidden":0,"_bbp_reply_count_hidden":0,"_bbp_forum_subforum_count":0,"footnotes":""},"categories":[60,31],"tags":[],"class_list":{"0":"post-314705","1":"post","2":"type-post","3":"status-publish","4":"format-standard","6":"category-titulares-del-dia","7":"category-estados-unidos"},"_links":{"self":[{"href":"https:\/\/primermomento.com\/index.php?rest_route=\/wp\/v2\/posts\/314705","targetHints":{"allow":["GET"]}}],"collection":[{"href":"https:\/\/primermomento.com\/index.php?rest_route=\/wp\/v2\/posts"}],"about":[{"href":"https:\/\/primermomento.com\/index.php?rest_route=\/wp\/v2\/types\/post"}],"author":[{"embeddable":true,"href":"https:\/\/primermomento.com\/index.php?rest_route=\/wp\/v2\/users\/1"}],"replies":[{"embeddable":true,"href":"https:\/\/primermomento.com\/index.php?rest_route=%2Fwp%2Fv2%2Fcomments&post=314705"}],"version-history":[{"count":1,"href":"https:\/\/primermomento.com\/index.php?rest_route=\/wp\/v2\/posts\/314705\/revisions"}],"predecessor-version":[{"id":314708,"href":"https:\/\/primermomento.com\/index.php?rest_route=\/wp\/v2\/posts\/314705\/revisions\/314708"}],"wp:attachment":[{"href":"https:\/\/primermomento.com\/index.php?rest_route=%2Fwp%2Fv2%2Fmedia&parent=314705"}],"wp:term":[{"taxonomy":"category","embeddable":true,"href":"https:\/\/primermomento.com\/index.php?rest_route=%2Fwp%2Fv2%2Fcategories&post=314705"},{"taxonomy":"post_tag","embeddable":true,"href":"https:\/\/primermomento.com\/index.php?rest_route=%2Fwp%2Fv2%2Ftags&post=314705"}],"curies":[{"name":"wp","href":"https:\/\/api.w.org\/{rel}","templated":true}]}}