{"id":314709,"date":"2019-01-30T09:39:49","date_gmt":"2019-01-30T13:39:49","guid":{"rendered":"http:\/\/primermomento.com\/?p=314709"},"modified":"2019-01-30T17:43:20","modified_gmt":"2019-01-30T21:43:20","slug":"aumenta-a-99-cifra-de-muertos-por-ruptura-de-represa-en-brasil","status":"publish","type":"post","link":"https:\/\/primermomento.com\/?p=314709","title":{"rendered":"Aumenta a 99 cifra de muertos por ruptura de represa en Brasil"},"content":{"rendered":"\n<p> BRASILIA, Brasil.- A 99 aument\u00f3 la cifra de muertes  confirmadas por la ruptura el viernes de una represa de la empresa Vale,  en el municipio Brumadinho, estado de Minas Gerais (sureste de Brasil).                         <br>                          <\/p>\n\n\n\n<figure class=\"wp-block-image\"><img loading=\"lazy\" decoding=\"async\" width=\"1024\" height=\"576\" src=\"http:\/\/primermomento.com\/wp-content\/uploads\/2019\/01\/tragedia-brasil-1024x576.jpg\" alt=\"\" class=\"wp-image-314710\" srcset=\"https:\/\/primermomento.com\/wp-content\/uploads\/2019\/01\/tragedia-brasil-1024x576.jpg 1024w, https:\/\/primermomento.com\/wp-content\/uploads\/2019\/01\/tragedia-brasil-300x169.jpg 300w, https:\/\/primermomento.com\/wp-content\/uploads\/2019\/01\/tragedia-brasil-768x432.jpg 768w, https:\/\/primermomento.com\/wp-content\/uploads\/2019\/01\/tragedia-brasil-478x270.jpg 478w, https:\/\/primermomento.com\/wp-content\/uploads\/2019\/01\/tragedia-brasil-500x281.jpg 500w, https:\/\/primermomento.com\/wp-content\/uploads\/2019\/01\/tragedia-brasil-280x158.jpg 280w, https:\/\/primermomento.com\/wp-content\/uploads\/2019\/01\/tragedia-brasil-638x359.jpg 638w, https:\/\/primermomento.com\/wp-content\/uploads\/2019\/01\/tragedia-brasil-118x66.jpg 118w, https:\/\/primermomento.com\/wp-content\/uploads\/2019\/01\/tragedia-brasil-479x269.jpg 479w, https:\/\/primermomento.com\/wp-content\/uploads\/2019\/01\/tragedia-brasil.jpg 1600w\" sizes=\"auto, (max-width: 1024px) 100vw, 1024px\" \/><\/figure>\n\n\n\n<p>Seg\u00fan la Defensa  Civil de Minas Gerais, hasta el momento se han identificado 57 cad\u00e1veres  y otras 259 personas permanecen desaparecidas.<\/p>\n\n\n\n<p> La mayor\u00eda de \nlas v\u00edctimas y desaparecidos son empleados de Vale, la mayor productora y\n exportadora mundial de hierro del mundo.<\/p>\n\n\n\n<p> Ning\u00fan sobreviviente \nha sido encontrado en esta sexta jornada de b\u00fasquedas tras el derrame de\n 12,7 millones de metros c\u00fabicos de residuos.<\/p>\n\n\n\n<p> De acuerdo con la Defesa Civil, seis d\u00edas despu\u00e9s del desastre todav\u00eda hay regiones de Brumadinho con falta de energ\u00eda.<\/p>\n\n\n\n<p>\n La empresa anunci\u00f3 que a partir de ma\u00f1ana donar\u00e1 de manera voluntaria \n100 mil reales (cerca de 26 mil 400 d\u00f3lares) a cada familia de las \nv\u00edctimas de la tragedia.<\/p>\n\n\n\n<p> Tras la ruptura de la represa, un  tsunami de residuos minerales y lodo arras\u00f3 con todo lo que encontr\u00f3 a  su paso y enterr\u00f3 infraestructuras de Vale y viviendas de los  alrededores.<\/p>\n\n\n\n<p style=\"text-align:right\">PL <\/p>\n","protected":false},"excerpt":{"rendered":"<p>BRASILIA, Brasil.- A 99 aument\u00f3 la cifra de muertes confirmadas por la ruptura el viernes de una represa de la empresa Vale, en el municipio Brumadinho, estado de Minas Gerais (sureste de Brasil). Seg\u00fan la Defensa Civil de Minas Gerais, hasta el momento se han identificado 57 cad\u00e1veres y otras 259 personas permanecen desaparecidas. La [&hellip;]<\/p>\n","protected":false},"author":1,"featured_media":0,"comment_status":"open","ping_status":"open","sticky":false,"template":"","format":"standard","meta":{"_bbp_topic_count":0,"_bbp_reply_count":0,"_bbp_total_topic_count":0,"_bbp_total_reply_count":0,"_bbp_voice_count":0,"_bbp_anonymous_reply_count":0,"_bbp_topic_count_hidden":0,"_bbp_reply_count_hidden":0,"_bbp_forum_subforum_count":0,"footnotes":""},"categories":[60,61],"tags":[],"class_list":{"0":"post-314709","1":"post","2":"type-post","3":"status-publish","4":"format-standard","6":"category-titulares-del-dia","7":"category-mundo"},"_links":{"self":[{"href":"https:\/\/primermomento.com\/index.php?rest_route=\/wp\/v2\/posts\/314709","targetHints":{"allow":["GET"]}}],"collection":[{"href":"https:\/\/primermomento.com\/index.php?rest_route=\/wp\/v2\/posts"}],"about":[{"href":"https:\/\/primermomento.com\/index.php?rest_route=\/wp\/v2\/types\/post"}],"author":[{"embeddable":true,"href":"https:\/\/primermomento.com\/index.php?rest_route=\/wp\/v2\/users\/1"}],"replies":[{"embeddable":true,"href":"https:\/\/primermomento.com\/index.php?rest_route=%2Fwp%2Fv2%2Fcomments&post=314709"}],"version-history":[{"count":1,"href":"https:\/\/primermomento.com\/index.php?rest_route=\/wp\/v2\/posts\/314709\/revisions"}],"predecessor-version":[{"id":314711,"href":"https:\/\/primermomento.com\/index.php?rest_route=\/wp\/v2\/posts\/314709\/revisions\/314711"}],"wp:attachment":[{"href":"https:\/\/primermomento.com\/index.php?rest_route=%2Fwp%2Fv2%2Fmedia&parent=314709"}],"wp:term":[{"taxonomy":"category","embeddable":true,"href":"https:\/\/primermomento.com\/index.php?rest_route=%2Fwp%2Fv2%2Fcategories&post=314709"},{"taxonomy":"post_tag","embeddable":true,"href":"https:\/\/primermomento.com\/index.php?rest_route=%2Fwp%2Fv2%2Ftags&post=314709"}],"curies":[{"name":"wp","href":"https:\/\/api.w.org\/{rel}","templated":true}]}}