{"id":314712,"date":"2019-01-30T10:43:57","date_gmt":"2019-01-30T14:43:57","guid":{"rendered":"http:\/\/primermomento.com\/?p=314712"},"modified":"2019-01-30T17:46:15","modified_gmt":"2019-01-30T21:46:15","slug":"estudio-revela-alta-tasa-de-suicidios-en-el-pais","status":"publish","type":"post","link":"https:\/\/primermomento.com\/?p=314712","title":{"rendered":"Estudio revela alta tasa de suicidios en el pa\u00eds"},"content":{"rendered":"\n<p> SANTO DOMINGO, Rep\u00fablica Dominicana.- Un estudio presentado hoy en esta capital  por el Ministerio de Salud P\u00fablica, el Servicio Nacional de Salud y la  organizaci\u00f3n Society for Family Health, revel\u00f3 que en Rep\u00fablica  Dominicana existe una alta incidencia de suicidios.                         <br>                         <\/p>\n\n\n\n<figure class=\"wp-block-image\"><img loading=\"lazy\" decoding=\"async\" width=\"580\" height=\"386\" src=\"http:\/\/primermomento.com\/wp-content\/uploads\/2018\/03\/minsaludpublica.jpg\" alt=\"\" class=\"wp-image-305429\" srcset=\"https:\/\/primermomento.com\/wp-content\/uploads\/2018\/03\/minsaludpublica.jpg 580w, https:\/\/primermomento.com\/wp-content\/uploads\/2018\/03\/minsaludpublica-300x200.jpg 300w, https:\/\/primermomento.com\/wp-content\/uploads\/2018\/03\/minsaludpublica-73x50.jpg 73w, https:\/\/primermomento.com\/wp-content\/uploads\/2018\/03\/minsaludpublica-500x333.jpg 500w, https:\/\/primermomento.com\/wp-content\/uploads\/2018\/03\/minsaludpublica-280x186.jpg 280w, https:\/\/primermomento.com\/wp-content\/uploads\/2018\/03\/minsaludpublica-60x40.jpg 60w, https:\/\/primermomento.com\/wp-content\/uploads\/2018\/03\/minsaludpublica-118x79.jpg 118w, https:\/\/primermomento.com\/wp-content\/uploads\/2018\/03\/minsaludpublica-479x319.jpg 479w\" sizes=\"auto, (max-width: 580px) 100vw, 580px\" \/><\/figure>\n\n\n\n<p> El reporte denominado An\u00e1lisis de la situaci\u00f3n en salud mental y  atenci\u00f3n primaria en Rep\u00fablica Dominicana, dio a conocer que del 2003 al  2016, al menos ocho mil personas se suicidaron, lo cual evidencia una  elevada incidencia de personas con trastornos mentales.<\/p>\n\n\n\n<p> De \nacuerdo con los resultados de la investigaci\u00f3n, la tasa de suicidio en \nhombres es casi cinco veces superior a la de las mujeres, pero entre \nquienes se quitan la vida en la poblaci\u00f3n de 15 a 19 a\u00f1os, el n\u00famero de \ncasos es m\u00e1s elevado en la poblaci\u00f3n femenina.<\/p>\n\n\n\n<p> Asimismo, se\u00f1ala \nque solo en el per\u00edodo 2016-2017 se registraron mil ocho casos de \nsuicidio, de los cuales el 87,3 por ciento correspondi\u00f3 a hombres y el \n12,7 a las f\u00e9minas.<\/p>\n\n\n\n<p> Durante la presentaci\u00f3n del estudio, el \nministro de Salud, Rafael S\u00e1nchez, resalt\u00f3 la importancia de este ya que\n contribuye a visibilizar situaciones y propone soluciones oportunas \npara abordarlas.<\/p>\n\n\n\n<p> Resalt\u00f3 como uno de los avances del sistema \nsanitario dominicano, el hecho de que cambi\u00f3 la forma de abordar los \nproblemas de salud mental desde la perspectiva de los derechos humanos y\n se elimin\u00f3 el viejo esquema manicomial para dar paso a una atenci\u00f3n m\u00e1s\n integral y humanizada.<\/p>\n\n\n\n<p> Esta investigaci\u00f3n adem\u00e1s se enfoca en \nlos recursos laborales disponibles, las barreras de acceso a los \nservicios y la carga econ\u00f3mica y emocional de las familias afectadas por\n una condici\u00f3n de salud mental, y representa un gran aporte para seguir \navanzando, agreg\u00f3.<\/p>\n\n\n\n<p> Por su parte, la directora de la Society for \nFamily Health, Wendy Alba, enfatiz\u00f3 a los presentes la necesidad de \ncerrar brechas en referencia al tratamiento de las enfermedades m\u00e1s \ncomunes de salud mental.<\/p>\n\n\n\n<p> &#8216;La falta de tratamiento de los \ntrastornos mentales conlleva a que las personas pierdan productividad y \nbienestar, lo cual es importante para su desarrollo humano, afectando \nadem\u00e1s los a\u00f1os de vida saludables perdidos por discapacidad&#8217;. dijo.<\/p>\n\n\n\n<p>  Agreg\u00f3 que las enfermedades mentales constituir\u00e1n en pocos a\u00f1os un  importante costo para la econom\u00eda mundial y deben ser priorizadas tanto a  nivel de las organizaciones como de las comunidades. <\/p>\n\n\n\n<p style=\"text-align:right\">PL<\/p>\n","protected":false},"excerpt":{"rendered":"<p>SANTO DOMINGO, Rep\u00fablica Dominicana.- Un estudio presentado hoy en esta capital por el Ministerio de Salud P\u00fablica, el Servicio Nacional de Salud y la organizaci\u00f3n Society for Family Health, revel\u00f3 que en Rep\u00fablica Dominicana existe una alta incidencia de suicidios. El reporte denominado An\u00e1lisis de la situaci\u00f3n en salud mental y atenci\u00f3n primaria en Rep\u00fablica [&hellip;]<\/p>\n","protected":false},"author":1,"featured_media":0,"comment_status":"open","ping_status":"open","sticky":false,"template":"","format":"standard","meta":{"_bbp_topic_count":0,"_bbp_reply_count":0,"_bbp_total_topic_count":0,"_bbp_total_reply_count":0,"_bbp_voice_count":0,"_bbp_anonymous_reply_count":0,"_bbp_topic_count_hidden":0,"_bbp_reply_count_hidden":0,"_bbp_forum_subforum_count":0,"footnotes":""},"categories":[30,60],"tags":[],"class_list":{"0":"post-314712","1":"post","2":"type-post","3":"status-publish","4":"format-standard","6":"category-actualidad","7":"category-titulares-del-dia"},"_links":{"self":[{"href":"https:\/\/primermomento.com\/index.php?rest_route=\/wp\/v2\/posts\/314712","targetHints":{"allow":["GET"]}}],"collection":[{"href":"https:\/\/primermomento.com\/index.php?rest_route=\/wp\/v2\/posts"}],"about":[{"href":"https:\/\/primermomento.com\/index.php?rest_route=\/wp\/v2\/types\/post"}],"author":[{"embeddable":true,"href":"https:\/\/primermomento.com\/index.php?rest_route=\/wp\/v2\/users\/1"}],"replies":[{"embeddable":true,"href":"https:\/\/primermomento.com\/index.php?rest_route=%2Fwp%2Fv2%2Fcomments&post=314712"}],"version-history":[{"count":1,"href":"https:\/\/primermomento.com\/index.php?rest_route=\/wp\/v2\/posts\/314712\/revisions"}],"predecessor-version":[{"id":314713,"href":"https:\/\/primermomento.com\/index.php?rest_route=\/wp\/v2\/posts\/314712\/revisions\/314713"}],"wp:attachment":[{"href":"https:\/\/primermomento.com\/index.php?rest_route=%2Fwp%2Fv2%2Fmedia&parent=314712"}],"wp:term":[{"taxonomy":"category","embeddable":true,"href":"https:\/\/primermomento.com\/index.php?rest_route=%2Fwp%2Fv2%2Fcategories&post=314712"},{"taxonomy":"post_tag","embeddable":true,"href":"https:\/\/primermomento.com\/index.php?rest_route=%2Fwp%2Fv2%2Ftags&post=314712"}],"curies":[{"name":"wp","href":"https:\/\/api.w.org\/{rel}","templated":true}]}}