{"id":314717,"date":"2019-01-30T08:49:09","date_gmt":"2019-01-30T12:49:09","guid":{"rendered":"http:\/\/primermomento.com\/?p=314717"},"modified":"2019-01-30T17:51:35","modified_gmt":"2019-01-30T21:51:35","slug":"serie-del-caribe-de-beisbol-tendra-formato-inedito","status":"publish","type":"post","link":"https:\/\/primermomento.com\/?p=314717","title":{"rendered":"Serie del Caribe de B\u00e9isbol tendr\u00e1 formato in\u00e9dito"},"content":{"rendered":"\n<p> SANTO DOMINGO, Rep\u00fablica Dominicana.- La Serie del Caribe a disputarse en el  Estadio Nacional de Panam\u00e1, del 4 al 10 de febrero, tendr\u00e1 un formato  in\u00e9dito, divulg\u00f3 hoy aqu\u00ed la Confederaci\u00f3n de B\u00e9isbol Profesional de la  regi\u00f3n (CBPC).                         <br>                          <\/p>\n\n\n\n<figure class=\"wp-block-image\"><img loading=\"lazy\" decoding=\"async\" width=\"748\" height=\"498\" src=\"http:\/\/primermomento.com\/wp-content\/uploads\/2019\/01\/Serie-Caribe.jpg\" alt=\"\" class=\"wp-image-314718\" srcset=\"https:\/\/primermomento.com\/wp-content\/uploads\/2019\/01\/Serie-Caribe.jpg 748w, https:\/\/primermomento.com\/wp-content\/uploads\/2019\/01\/Serie-Caribe-300x200.jpg 300w, https:\/\/primermomento.com\/wp-content\/uploads\/2019\/01\/Serie-Caribe-73x50.jpg 73w, https:\/\/primermomento.com\/wp-content\/uploads\/2019\/01\/Serie-Caribe-500x333.jpg 500w, https:\/\/primermomento.com\/wp-content\/uploads\/2019\/01\/Serie-Caribe-280x186.jpg 280w, https:\/\/primermomento.com\/wp-content\/uploads\/2019\/01\/Serie-Caribe-60x40.jpg 60w, https:\/\/primermomento.com\/wp-content\/uploads\/2019\/01\/Serie-Caribe-638x425.jpg 638w, https:\/\/primermomento.com\/wp-content\/uploads\/2019\/01\/Serie-Caribe-118x79.jpg 118w, https:\/\/primermomento.com\/wp-content\/uploads\/2019\/01\/Serie-Caribe-479x319.jpg 479w\" sizes=\"auto, (max-width: 748px) 100vw, 748px\" \/><\/figure>\n\n\n\n<p>El certamen contar\u00e1 con dos grupos A y B de tres equipos cada uno, el  sembrado de los representativos de cada liga participante ser\u00e1 a partir  de un sorteo que encabezar\u00e1 este mi\u00e9rcoles el comisionado de la entidad  caribe\u00f1a, Juan Francisco Puello, y ser\u00e1 transmitido en vivo por Facebook  Live a trav\u00e9s de la cuenta oficial de la CBPC  (http:\/\/www.seriedelcaribe.net\/).<\/p>\n\n\n\n<p> Del lunes 4 de febrero al \ns\u00e1bado 9, las escuadras de cada llave se enfrentar\u00e1n entre s\u00ed, y el \nmejor de cada zona disputar\u00e1 una gran final el domingo 10 de febrero.<\/p>\n\n\n\n<p>\n En cada jornada de la ronda preliminar uno de los conjuntos de los dos \napartados tendr\u00e1 descanso, lo que significa que diariamente se \ndisputar\u00e1n dos juegos.<\/p>\n\n\n\n<p> En un principio la sede de la lid ser\u00eda \nen Barquisimeto, Venezuela, en el Estadio Antonio Herrera Guti\u00e9rrez, \npero ante la ruptura de relaciones diplom\u00e1ticas entre la naci\u00f3n \nsudamericana y Estados Unidos por el apoyo de Washington a un intento de\n golpe de Estado, la CBPC decidi\u00f3 otorgarle la organizaci\u00f3n a \u00faltima \nhora a Panam\u00e1.<\/p>\n\n\n\n<p> La entidad caribe\u00f1a aclar\u00f3 que el formato \npresenta muchas oportunidades de mejora, sin embargo, la emergencia de \nla ocasi\u00f3n, sumado al hecho de ser el primer certamen con seis equipos y\n el recorte de un d\u00eda de juego debido a la disposiciones del Acuerdo de \nLigas Invernales firmado entre CBPC y Ligas Mayores de Estados Unidos, \nhacen del presente sistema de competencia la mejor de las opciones \nposibles.<\/p>\n\n\n\n<p> Aunque aclar\u00f3 que si hubiese la posibilidad de ampliar\n un d\u00eda m\u00e1s el torneo, el formato podr\u00eda cambiar con la realizaci\u00f3n de \nuna semifinal, un tema a\u00fan en conversaciones.<\/p>\n\n\n\n<p> Panam\u00e1, fundador \nde la CBPC, acoger\u00e1 el certamen por cuarta vez despu\u00e9s de 1952, 1956 y \n1960, en el Estadio Nacional que lleva el nombre de Rod Carew, \nhabilitado para 27 mil espectadores, se celebrar\u00e1n los 70 a\u00f1os de la \nprimera Serie del Caribe, disputada en La Habana, en 1949.<\/p>\n\n\n\n<p> Horarios de los partidos: <\/p>\n\n\n\n<p>-Del lunes 4 al viernes 8 de febrero, primer juego diario a las 15:00 hora local, segundo juego diario a las 20:00 hora local.<\/p>\n\n\n\n<p> -S\u00e1bado 9 de febrero, primer juego del d\u00eda a las 13:00 hora local, segundo juego del d\u00eda a las 19:00 hora local.<\/p>\n\n\n\n<p> -Domingo 10 de febrero, juego final a las 16:00 hora local. <\/p>\n\n\n\n<p style=\"text-align:right\">PL<\/p>\n","protected":false},"excerpt":{"rendered":"<p>SANTO DOMINGO, Rep\u00fablica Dominicana.- La Serie del Caribe a disputarse en el Estadio Nacional de Panam\u00e1, del 4 al 10 de febrero, tendr\u00e1 un formato in\u00e9dito, divulg\u00f3 hoy aqu\u00ed la Confederaci\u00f3n de B\u00e9isbol Profesional de la regi\u00f3n (CBPC). El certamen contar\u00e1 con dos grupos A y B de tres equipos cada uno, el sembrado de [&hellip;]<\/p>\n","protected":false},"author":1,"featured_media":0,"comment_status":"open","ping_status":"open","sticky":false,"template":"","format":"standard","meta":{"_bbp_topic_count":0,"_bbp_reply_count":0,"_bbp_total_topic_count":0,"_bbp_total_reply_count":0,"_bbp_voice_count":0,"_bbp_anonymous_reply_count":0,"_bbp_topic_count_hidden":0,"_bbp_reply_count_hidden":0,"_bbp_forum_subforum_count":0,"footnotes":""},"categories":[42,60],"tags":[],"class_list":{"0":"post-314717","1":"post","2":"type-post","3":"status-publish","4":"format-standard","6":"category-deportes","7":"category-titulares-del-dia"},"_links":{"self":[{"href":"https:\/\/primermomento.com\/index.php?rest_route=\/wp\/v2\/posts\/314717","targetHints":{"allow":["GET"]}}],"collection":[{"href":"https:\/\/primermomento.com\/index.php?rest_route=\/wp\/v2\/posts"}],"about":[{"href":"https:\/\/primermomento.com\/index.php?rest_route=\/wp\/v2\/types\/post"}],"author":[{"embeddable":true,"href":"https:\/\/primermomento.com\/index.php?rest_route=\/wp\/v2\/users\/1"}],"replies":[{"embeddable":true,"href":"https:\/\/primermomento.com\/index.php?rest_route=%2Fwp%2Fv2%2Fcomments&post=314717"}],"version-history":[{"count":1,"href":"https:\/\/primermomento.com\/index.php?rest_route=\/wp\/v2\/posts\/314717\/revisions"}],"predecessor-version":[{"id":314719,"href":"https:\/\/primermomento.com\/index.php?rest_route=\/wp\/v2\/posts\/314717\/revisions\/314719"}],"wp:attachment":[{"href":"https:\/\/primermomento.com\/index.php?rest_route=%2Fwp%2Fv2%2Fmedia&parent=314717"}],"wp:term":[{"taxonomy":"category","embeddable":true,"href":"https:\/\/primermomento.com\/index.php?rest_route=%2Fwp%2Fv2%2Fcategories&post=314717"},{"taxonomy":"post_tag","embeddable":true,"href":"https:\/\/primermomento.com\/index.php?rest_route=%2Fwp%2Fv2%2Ftags&post=314717"}],"curies":[{"name":"wp","href":"https:\/\/api.w.org\/{rel}","templated":true}]}}