{"id":314720,"date":"2019-01-30T10:51:49","date_gmt":"2019-01-30T14:51:49","guid":{"rendered":"http:\/\/primermomento.com\/?p=314720"},"modified":"2019-01-30T17:55:04","modified_gmt":"2019-01-30T21:55:04","slug":"cinco-muertos-y-miles-de-vuelos-suspendidos-por-tormenta","status":"publish","type":"post","link":"https:\/\/primermomento.com\/?p=314720","title":{"rendered":"Cinco muertos y miles de vuelos suspendidos por tormenta"},"content":{"rendered":"\n<p> WASHINGTON, Distrito de Columbia.- Al menos cinco muertos y la suspensi\u00f3n de  miles de vuelos deja a su paso la tormenta invernal Jayden, que afecta  gran parte de Estados Unidos, informaron hoy autoridades.                         <br>                          <\/p>\n\n\n\n<figure class=\"wp-block-image\"><img loading=\"lazy\" decoding=\"async\" width=\"748\" height=\"497\" src=\"http:\/\/primermomento.com\/wp-content\/uploads\/2019\/01\/eeuu-tormenta-jaiden.jpg\" alt=\"\" class=\"wp-image-314721\" srcset=\"https:\/\/primermomento.com\/wp-content\/uploads\/2019\/01\/eeuu-tormenta-jaiden.jpg 748w, https:\/\/primermomento.com\/wp-content\/uploads\/2019\/01\/eeuu-tormenta-jaiden-300x199.jpg 300w, https:\/\/primermomento.com\/wp-content\/uploads\/2019\/01\/eeuu-tormenta-jaiden-73x50.jpg 73w, https:\/\/primermomento.com\/wp-content\/uploads\/2019\/01\/eeuu-tormenta-jaiden-500x332.jpg 500w, https:\/\/primermomento.com\/wp-content\/uploads\/2019\/01\/eeuu-tormenta-jaiden-280x186.jpg 280w, https:\/\/primermomento.com\/wp-content\/uploads\/2019\/01\/eeuu-tormenta-jaiden-60x40.jpg 60w, https:\/\/primermomento.com\/wp-content\/uploads\/2019\/01\/eeuu-tormenta-jaiden-638x424.jpg 638w, https:\/\/primermomento.com\/wp-content\/uploads\/2019\/01\/eeuu-tormenta-jaiden-118x78.jpg 118w, https:\/\/primermomento.com\/wp-content\/uploads\/2019\/01\/eeuu-tormenta-jaiden-479x318.jpg 479w\" sizes=\"auto, (max-width: 748px) 100vw, 748px\" \/><\/figure>\n\n\n\n<p>El d\u00eda para millones de estadounidenses est\u00e1 matizado por alertas de  extremo y peligroso fr\u00edo \u00e1rtico pronosticado para toda la semana desde  Northern Plains a trav\u00e9s de los Grandes Lagos, con m\u00ednimas en los -30 y  -40 F y rachas de viento que causar\u00e1n temperaturas tan bajas como -60 F  de mi\u00e9rcoles a jueves, indican los meteor\u00f3logos.<\/p>\n\n\n\n<p> El v\u00f3rtice \npolar que azota m\u00e1s de 200 millones de personas caus\u00f3 ya varios \naccidentes de tr\u00e1nsito fatales y oblig\u00f3 a cancelar m\u00e1s de dos mil vuelos\n en jornadas que caracterizan a una de las m\u00e1s intensas temporadas \ninvernales en el pa\u00eds.<\/p>\n\n\n\n<p> Jayden se desplaz\u00f3 al sur y al este el \nmartes, cerr\u00f3 escuelas y oficinas gubernamentales, forz\u00f3 la cancelaci\u00f3n \nde cientos de vuelos, hizo que varios estados declararan emergencia.<\/p>\n\n\n\n<p>  A causa del intenso fr\u00edo el Servicio Postal de Estados Unidos (USPS)  inform\u00f3 en un comunicado la suspensi\u00f3n de sus servicios hoy en zonas  afectadas de Michigan, Chicago, Detroit, Central Illinois, Cleveland,  Ohio, Pennsylvania, Dakotas, Nebraska y otras localidades del pa\u00eds.<\/p>\n\n\n\n<p style=\"text-align:right\">PL<br><\/p>\n","protected":false},"excerpt":{"rendered":"<p>WASHINGTON, Distrito de Columbia.- Al menos cinco muertos y la suspensi\u00f3n de miles de vuelos deja a su paso la tormenta invernal Jayden, que afecta gran parte de Estados Unidos, informaron hoy autoridades. El d\u00eda para millones de estadounidenses est\u00e1 matizado por alertas de extremo y peligroso fr\u00edo \u00e1rtico pronosticado para toda la semana desde [&hellip;]<\/p>\n","protected":false},"author":1,"featured_media":0,"comment_status":"open","ping_status":"open","sticky":false,"template":"","format":"standard","meta":{"_bbp_topic_count":0,"_bbp_reply_count":0,"_bbp_total_topic_count":0,"_bbp_total_reply_count":0,"_bbp_voice_count":0,"_bbp_anonymous_reply_count":0,"_bbp_topic_count_hidden":0,"_bbp_reply_count_hidden":0,"_bbp_forum_subforum_count":0,"footnotes":""},"categories":[60,32],"tags":[],"class_list":{"0":"post-314720","1":"post","2":"type-post","3":"status-publish","4":"format-standard","6":"category-titulares-del-dia","7":"category-lo-ultimo"},"_links":{"self":[{"href":"https:\/\/primermomento.com\/index.php?rest_route=\/wp\/v2\/posts\/314720","targetHints":{"allow":["GET"]}}],"collection":[{"href":"https:\/\/primermomento.com\/index.php?rest_route=\/wp\/v2\/posts"}],"about":[{"href":"https:\/\/primermomento.com\/index.php?rest_route=\/wp\/v2\/types\/post"}],"author":[{"embeddable":true,"href":"https:\/\/primermomento.com\/index.php?rest_route=\/wp\/v2\/users\/1"}],"replies":[{"embeddable":true,"href":"https:\/\/primermomento.com\/index.php?rest_route=%2Fwp%2Fv2%2Fcomments&post=314720"}],"version-history":[{"count":1,"href":"https:\/\/primermomento.com\/index.php?rest_route=\/wp\/v2\/posts\/314720\/revisions"}],"predecessor-version":[{"id":314722,"href":"https:\/\/primermomento.com\/index.php?rest_route=\/wp\/v2\/posts\/314720\/revisions\/314722"}],"wp:attachment":[{"href":"https:\/\/primermomento.com\/index.php?rest_route=%2Fwp%2Fv2%2Fmedia&parent=314720"}],"wp:term":[{"taxonomy":"category","embeddable":true,"href":"https:\/\/primermomento.com\/index.php?rest_route=%2Fwp%2Fv2%2Fcategories&post=314720"},{"taxonomy":"post_tag","embeddable":true,"href":"https:\/\/primermomento.com\/index.php?rest_route=%2Fwp%2Fv2%2Ftags&post=314720"}],"curies":[{"name":"wp","href":"https:\/\/api.w.org\/{rel}","templated":true}]}}