{"id":314723,"date":"2019-01-30T09:55:17","date_gmt":"2019-01-30T13:55:17","guid":{"rendered":"http:\/\/primermomento.com\/?p=314723"},"modified":"2019-01-30T18:00:39","modified_gmt":"2019-01-30T22:00:39","slug":"amenaza-de-trump-encuentra-poco-apoyo-entre-estadounidenses","status":"publish","type":"post","link":"https:\/\/primermomento.com\/?p=314723","title":{"rendered":"Amenaza de Trump encuentra poco apoyo entre estadounidenses"},"content":{"rendered":"\n<p> WASHINGTON, Distrito de Columbia.- La amenaza del presidente Donald Trump de  declarar una emergencia nacional o volver a un cierre del Gobierno si  no logra fondos para el muro en la frontera con M\u00e9xico tiene hoy escaso  apoyo en Estados Unidos.                         <br>                          <\/p>\n\n\n\n<figure class=\"wp-block-image\"><img loading=\"lazy\" decoding=\"async\" width=\"748\" height=\"498\" src=\"http:\/\/primermomento.com\/wp-content\/uploads\/2019\/01\/trump-muro-fronterizo.jpg\" alt=\"\" class=\"wp-image-314724\" srcset=\"https:\/\/primermomento.com\/wp-content\/uploads\/2019\/01\/trump-muro-fronterizo.jpg 748w, https:\/\/primermomento.com\/wp-content\/uploads\/2019\/01\/trump-muro-fronterizo-300x200.jpg 300w, https:\/\/primermomento.com\/wp-content\/uploads\/2019\/01\/trump-muro-fronterizo-73x50.jpg 73w, https:\/\/primermomento.com\/wp-content\/uploads\/2019\/01\/trump-muro-fronterizo-500x333.jpg 500w, https:\/\/primermomento.com\/wp-content\/uploads\/2019\/01\/trump-muro-fronterizo-280x186.jpg 280w, https:\/\/primermomento.com\/wp-content\/uploads\/2019\/01\/trump-muro-fronterizo-60x40.jpg 60w, https:\/\/primermomento.com\/wp-content\/uploads\/2019\/01\/trump-muro-fronterizo-638x425.jpg 638w, https:\/\/primermomento.com\/wp-content\/uploads\/2019\/01\/trump-muro-fronterizo-118x79.jpg 118w, https:\/\/primermomento.com\/wp-content\/uploads\/2019\/01\/trump-muro-fronterizo-479x319.jpg 479w\" sizes=\"auto, (max-width: 748px) 100vw, 748px\" \/><\/figure>\n\n\n\n<p>El 58 por ciento de la poblaci\u00f3n se opone a otro cierre parcial del  Gobierno luego de enfrentar un corte de actividades por 35 d\u00edas, reflej\u00f3  este mi\u00e9rcoles un sondeo de Politico\/Morning Consult.<\/p>\n\n\n\n<p> Asimismo \nun 31 por ciento manifest\u00f3 que apoyar\u00eda uno para presionar al Congreso a\n la financiaci\u00f3n adecuada para un muro fronterizo, cifra que casi \ncoincide con el apoyo al presidente, que en las \u00faltimas semana se acerca\n a 34 por ciento.<\/p>\n\n\n\n<p> La pesquisa indica que el 54 por ciento \nculpar\u00eda al presidente y a los republicanos en el Congreso si el \nGobierno volviera a cerrar, mientras que solo un 33 por ciento culpar\u00eda a\n los dem\u00f3cratas en el parlamento.<\/p>\n\n\n\n<p> La investigaci\u00f3n mostr\u00f3 que \nuna mayor\u00eda, 72 por ciento, apoya el acuerdo del viernes pasado para \nfinanciar temporalmente al Gobierno, mientras que un comit\u00e9 bipartidista\n negocia m\u00e1s medidas de seguridad fronteriza.<\/p>\n\n\n\n<p> Si bien Trump \namenaz\u00f3 con declarar una emergencia nacional si el comit\u00e9 no asigna los \nfondos para un muro fronterizo, esa opci\u00f3n tambi\u00e9n es impopular, seg\u00fan \nlos encuestadores. Alrededor del 51 por ciento respondi\u00f3 que se opondr\u00eda\n a tal movimiento, mientras que un 38 por ciento apoyar\u00eda declarar una \nemergencia nacional y reclutar a los militares para construir el muro.<\/p>\n\n\n\n<p>\n Seg\u00fan Politico\/Morning Consult el 53 por ciento considera que el \nmandatario no debe cerrar el Gobierno ni declarar una emergencia \nnacional, mientras que un nueve por ciento respalda otro cierre y un 24 \npor ciento quiere que Trump declare una emergencia nacional.<\/p>\n\n\n\n<p> No \nobstante, la base del partido Republicano que apoya al gobernante se \nmantiene fuerte, con el 81 por ciento de aprobaci\u00f3n y un 16 por ciento \nde desaprobaci\u00f3n, sin cambios respecto a hace una semana.<\/p>\n\n\n\n<p> La amenaza de una emergencia nacional es una idea divisora, incluso entre sus asesores y pol\u00edticos cercanos al presidente.<\/p>\n\n\n\n<p>\n Los miembros de la l\u00ednea dura, incluidos el asesor Stephen Miller y, \nseg\u00fan se informa, el asesor comercial, Peter Navarro, se encuentran \nentre los que abogan por tal declaraci\u00f3n, pero otros, entre ellos el \nyerno del presidente y asesor, Jared Kushner, son mucho m\u00e1s \nambivalentes.<\/p>\n\n\n\n<p> El senador Marco Rubio (R-Florida) en una reciente  declaraci\u00f3n calific\u00f3 la emergencia nacional de una idea terrible y su  colega Roy Blunt (R-Montana) dijo que ser\u00eda mal precedente. <\/p>\n\n\n\n<p style=\"text-align:right\">PL<\/p>\n","protected":false},"excerpt":{"rendered":"<p>WASHINGTON, Distrito de Columbia.- La amenaza del presidente Donald Trump de declarar una emergencia nacional o volver a un cierre del Gobierno si no logra fondos para el muro en la frontera con M\u00e9xico tiene hoy escaso apoyo en Estados Unidos. El 58 por ciento de la poblaci\u00f3n se opone a otro cierre parcial del [&hellip;]<\/p>\n","protected":false},"author":1,"featured_media":0,"comment_status":"open","ping_status":"open","sticky":false,"template":"","format":"standard","meta":{"_bbp_topic_count":0,"_bbp_reply_count":0,"_bbp_total_topic_count":0,"_bbp_total_reply_count":0,"_bbp_voice_count":0,"_bbp_anonymous_reply_count":0,"_bbp_topic_count_hidden":0,"_bbp_reply_count_hidden":0,"_bbp_forum_subforum_count":0,"footnotes":""},"categories":[60,31],"tags":[],"class_list":{"0":"post-314723","1":"post","2":"type-post","3":"status-publish","4":"format-standard","6":"category-titulares-del-dia","7":"category-estados-unidos"},"_links":{"self":[{"href":"https:\/\/primermomento.com\/index.php?rest_route=\/wp\/v2\/posts\/314723","targetHints":{"allow":["GET"]}}],"collection":[{"href":"https:\/\/primermomento.com\/index.php?rest_route=\/wp\/v2\/posts"}],"about":[{"href":"https:\/\/primermomento.com\/index.php?rest_route=\/wp\/v2\/types\/post"}],"author":[{"embeddable":true,"href":"https:\/\/primermomento.com\/index.php?rest_route=\/wp\/v2\/users\/1"}],"replies":[{"embeddable":true,"href":"https:\/\/primermomento.com\/index.php?rest_route=%2Fwp%2Fv2%2Fcomments&post=314723"}],"version-history":[{"count":1,"href":"https:\/\/primermomento.com\/index.php?rest_route=\/wp\/v2\/posts\/314723\/revisions"}],"predecessor-version":[{"id":314725,"href":"https:\/\/primermomento.com\/index.php?rest_route=\/wp\/v2\/posts\/314723\/revisions\/314725"}],"wp:attachment":[{"href":"https:\/\/primermomento.com\/index.php?rest_route=%2Fwp%2Fv2%2Fmedia&parent=314723"}],"wp:term":[{"taxonomy":"category","embeddable":true,"href":"https:\/\/primermomento.com\/index.php?rest_route=%2Fwp%2Fv2%2Fcategories&post=314723"},{"taxonomy":"post_tag","embeddable":true,"href":"https:\/\/primermomento.com\/index.php?rest_route=%2Fwp%2Fv2%2Ftags&post=314723"}],"curies":[{"name":"wp","href":"https:\/\/api.w.org\/{rel}","templated":true}]}}