{"id":314734,"date":"2019-01-31T15:18:25","date_gmt":"2019-01-31T19:18:25","guid":{"rendered":"http:\/\/primermomento.com\/?p=314734"},"modified":"2019-01-31T15:21:04","modified_gmt":"2019-01-31T19:21:04","slug":"bani-matan-comerciante-de-un-tiro-en-la-cabeza","status":"publish","type":"post","link":"https:\/\/primermomento.com\/?p=314734","title":{"rendered":"BAN\u00cd | Matan comerciante de un tiro en la cabeza"},"content":{"rendered":"\n<p>BAN\u00cd, Rep\u00fablica Dominicana.- Un comerciante recibi\u00f3 un tiro en la cabeza durante un atraco ocurrido pasadas las 9:30 de la noche de este mi\u00e9rcoles 30 de enero.<\/p>\n\n\n\n<figure class=\"wp-block-image\"><img loading=\"lazy\" decoding=\"async\" width=\"634\" height=\"435\" src=\"http:\/\/primermomento.com\/wp-content\/uploads\/2019\/01\/comerciante-muerto.jpg\" alt=\"\" class=\"wp-image-314735\" srcset=\"https:\/\/primermomento.com\/wp-content\/uploads\/2019\/01\/comerciante-muerto.jpg 634w, https:\/\/primermomento.com\/wp-content\/uploads\/2019\/01\/comerciante-muerto-300x206.jpg 300w, https:\/\/primermomento.com\/wp-content\/uploads\/2019\/01\/comerciante-muerto-73x50.jpg 73w, https:\/\/primermomento.com\/wp-content\/uploads\/2019\/01\/comerciante-muerto-500x343.jpg 500w, https:\/\/primermomento.com\/wp-content\/uploads\/2019\/01\/comerciante-muerto-280x192.jpg 280w, https:\/\/primermomento.com\/wp-content\/uploads\/2019\/01\/comerciante-muerto-60x40.jpg 60w, https:\/\/primermomento.com\/wp-content\/uploads\/2019\/01\/comerciante-muerto-118x81.jpg 118w, https:\/\/primermomento.com\/wp-content\/uploads\/2019\/01\/comerciante-muerto-479x329.jpg 479w\" sizes=\"auto, (max-width: 634px) 100vw, 634px\" \/><\/figure>\n\n\n\n<p>El suceso tuvo lugar en el interior de un colmado, ubicado en los alrededores de una escuela p\u00fablica en el sector El Man\u00ed.<\/p>\n\n\n\n<p>La v\u00edctima respond\u00eda al nombre de Silvestre B\u00e1ez De Los Santos, de 55 a\u00f1os de edad. <\/p>\n\n\n\n<p>B\u00e1ez De Los Santos resid\u00eda en el mismo lugar del hecho.<\/p>\n\n\n\n<p>De acuerdo a testigos, B\u00e1ez De Los Santos se encontraba vendiendo cuando se presentaron dos sujetos desconocidos a bordo de la una motocicleta, marca Ax 200, de color negro, penetraron al lugar y enca\u00f1onaron al due\u00f1o del negocio, pidi\u00e9ndole dinero en efectivo.<\/p>\n\n\n\n<p>Luego de que se lo entreg\u00f3, uno de los antisociales le dispar\u00f3 en la cabeza, provoc\u00e1ndole una herida de proyectil de arma de fuego con orificio de entrada en la regi\u00f3n temporal izquierda con un orificio de salida en la regi\u00f3n posterior del cuello, que le produjo fractura craneales, laceraci\u00f3n celebral, una hemorragia externa y interna y shock hermorr\u00e1gico mortal. <\/p>\n\n\n\n<p>El m\u00e9dico legista Walter L\u00f3pez, quien se hizo acompa\u00f1ar del fiscal F\u00e9lix S\u00e1nchez y varios agentes de la Direcci\u00f3n de Investigaciones Criminales (DICRIM), que iniciaron las investigaciones de rigor.<\/p>\n\n\n\n<p>Este es el segundo homicidio en lo que va de a\u00f1o 2019.<\/p>\n\n\n\n<p>El cad\u00e1ver fue enviado al Instituto Nacional de Ciencias Forenses INACIF, en la provincia Azua, para los fines legales correspondientes.<\/p>\n\n\n\n<p style=\"text-align:right\">Primer Momento<\/p>\n","protected":false},"excerpt":{"rendered":"<p>BAN\u00cd, Rep\u00fablica Dominicana.- Un comerciante recibi\u00f3 un tiro en la cabeza durante un atraco ocurrido pasadas las 9:30 de la noche de este mi\u00e9rcoles 30 de enero. El suceso tuvo lugar en el interior de un colmado, ubicado en los alrededores de una escuela p\u00fablica en el sector El Man\u00ed. La v\u00edctima respond\u00eda al nombre [&hellip;]<\/p>\n","protected":false},"author":1,"featured_media":0,"comment_status":"open","ping_status":"open","sticky":false,"template":"","format":"standard","meta":{"_bbp_topic_count":0,"_bbp_reply_count":0,"_bbp_total_topic_count":0,"_bbp_total_reply_count":0,"_bbp_voice_count":0,"_bbp_anonymous_reply_count":0,"_bbp_topic_count_hidden":0,"_bbp_reply_count_hidden":0,"_bbp_forum_subforum_count":0,"footnotes":""},"categories":[30,60],"tags":[],"class_list":{"0":"post-314734","1":"post","2":"type-post","3":"status-publish","4":"format-standard","6":"category-actualidad","7":"category-titulares-del-dia"},"_links":{"self":[{"href":"https:\/\/primermomento.com\/index.php?rest_route=\/wp\/v2\/posts\/314734","targetHints":{"allow":["GET"]}}],"collection":[{"href":"https:\/\/primermomento.com\/index.php?rest_route=\/wp\/v2\/posts"}],"about":[{"href":"https:\/\/primermomento.com\/index.php?rest_route=\/wp\/v2\/types\/post"}],"author":[{"embeddable":true,"href":"https:\/\/primermomento.com\/index.php?rest_route=\/wp\/v2\/users\/1"}],"replies":[{"embeddable":true,"href":"https:\/\/primermomento.com\/index.php?rest_route=%2Fwp%2Fv2%2Fcomments&post=314734"}],"version-history":[{"count":2,"href":"https:\/\/primermomento.com\/index.php?rest_route=\/wp\/v2\/posts\/314734\/revisions"}],"predecessor-version":[{"id":314738,"href":"https:\/\/primermomento.com\/index.php?rest_route=\/wp\/v2\/posts\/314734\/revisions\/314738"}],"wp:attachment":[{"href":"https:\/\/primermomento.com\/index.php?rest_route=%2Fwp%2Fv2%2Fmedia&parent=314734"}],"wp:term":[{"taxonomy":"category","embeddable":true,"href":"https:\/\/primermomento.com\/index.php?rest_route=%2Fwp%2Fv2%2Fcategories&post=314734"},{"taxonomy":"post_tag","embeddable":true,"href":"https:\/\/primermomento.com\/index.php?rest_route=%2Fwp%2Fv2%2Ftags&post=314734"}],"curies":[{"name":"wp","href":"https:\/\/api.w.org\/{rel}","templated":true}]}}