{"id":314739,"date":"2019-01-31T15:39:22","date_gmt":"2019-01-31T19:39:22","guid":{"rendered":"http:\/\/primermomento.com\/?p=314739"},"modified":"2019-01-31T15:39:24","modified_gmt":"2019-01-31T19:39:24","slug":"bani-buche-y-otros-dos-reciben-un-ano-de-prision-preventiva","status":"publish","type":"post","link":"https:\/\/primermomento.com\/?p=314739","title":{"rendered":"BAN\u00cd | Buche y otros dos reciben un a\u00f1o de prisi\u00f3n preventiva"},"content":{"rendered":"\n<p>BAN\u00cd, Rep\u00fablica Dominicana.- Un a\u00f1o de prisi\u00f3n preventiva, como medida de coerci\u00f3n, les fueron impuestos a los presuntos narcotraficantes Rafael Antonio D\u00edaz, al\u00edas Buche, Luis Miguel Santana, al\u00edas El Chamo y Steven Ruiz, por la muerte del coronel de la Polic\u00eda Nacional Daniel Ramos Alvarez, en un punto de drogas en el sector Santa Cruz, de este municipio.<\/p>\n\n\n\n<div class=\"wp-block-image\"><figure class=\"aligncenter\"><img loading=\"lazy\" decoding=\"async\" width=\"525\" height=\"350\" src=\"http:\/\/primermomento.com\/wp-content\/uploads\/2019\/01\/narcotraficantes-Rafael-Antonio-D\u00edaz-al\u00edas-Buche.jpg\" alt=\"\" class=\"wp-image-314740\" srcset=\"https:\/\/primermomento.com\/wp-content\/uploads\/2019\/01\/narcotraficantes-Rafael-Antonio-D\u00edaz-al\u00edas-Buche.jpg 525w, https:\/\/primermomento.com\/wp-content\/uploads\/2019\/01\/narcotraficantes-Rafael-Antonio-D\u00edaz-al\u00edas-Buche-300x200.jpg 300w, https:\/\/primermomento.com\/wp-content\/uploads\/2019\/01\/narcotraficantes-Rafael-Antonio-D\u00edaz-al\u00edas-Buche-73x50.jpg 73w, https:\/\/primermomento.com\/wp-content\/uploads\/2019\/01\/narcotraficantes-Rafael-Antonio-D\u00edaz-al\u00edas-Buche-500x333.jpg 500w, https:\/\/primermomento.com\/wp-content\/uploads\/2019\/01\/narcotraficantes-Rafael-Antonio-D\u00edaz-al\u00edas-Buche-280x187.jpg 280w, https:\/\/primermomento.com\/wp-content\/uploads\/2019\/01\/narcotraficantes-Rafael-Antonio-D\u00edaz-al\u00edas-Buche-60x40.jpg 60w, https:\/\/primermomento.com\/wp-content\/uploads\/2019\/01\/narcotraficantes-Rafael-Antonio-D\u00edaz-al\u00edas-Buche-118x79.jpg 118w, https:\/\/primermomento.com\/wp-content\/uploads\/2019\/01\/narcotraficantes-Rafael-Antonio-D\u00edaz-al\u00edas-Buche-479x319.jpg 479w\" sizes=\"auto, (max-width: 525px) 100vw, 525px\" \/><figcaption>narcotraficantes Rafael Antonio D\u00edaz, al\u00edas Buche, a la entrada del Tribunal.<\/figcaption><\/figure><\/div>\n\n\n\n<p>Al mismo tiempo, el Tribunal de Atenci\u00f3n Permanente de la provincia Peravia, acogi\u00f3 la solicitud de la Fiscal\u00eda y declar\u00f3 complejo el proceso criminal, en momentos en que el trio se ha declarado inocente.<\/p>\n\n\n\n<p>Los sospechosos fueron remitidos a la c\u00e1rcel p\u00fablica de aqu\u00ed, localizada detr\u00e1s de la Direcci\u00f3n Regional Sur Central de la Polic\u00eda Nacional, donde deber\u00e1n permanecer mientras el Ministerio P\u00fablico avanza con las investigaciones penales de este sonado caso.<\/p>\n\n\n\n<p>A los presuntos indiciados se les acusa de asesinar al coronel de la PN y excomandante de la Polic\u00eda Preventiva, Daniel Ramos Alvarez en un lugar donde se vend\u00eda estupefacientes, hecho ocurrido el pasado 8 de enero.<\/p>\n\n\n\n<p>Seg\u00fan la Fiscal\u00eda, hay por lo menos 10 sospechosos involucrados en el crimen, siete de los cuales podr\u00edan ser arrestados en la medida que progresen las indagatorias.<\/p>\n\n\n\n<p>Se dijo que a Rafael Antonio D\u00edaz, principal cabecilla, se le conocer\u00e1 otra medida de coerci\u00f3n por el supuesto secuestro en la c\u00e1rcel donde est\u00e1 recluido, de acuerdo a la denuncia del senador de esta provincia, Wilton Guerrero.<\/p>\n\n\n\n<p>Por ese presumible hecho, el padre del presunto narcotraficante, Rafael Antonio D\u00edaz arremeti\u00f3 al senador Wilton Guerrero, al calificarlo de mentiroso.<\/p>\n\n\n\n<p>Ruddy Pe\u00f1a se\u00f1al\u00f3 el congresista lo que quiere es buscar protagonismo con sus declaraciones sobre el caso.<\/p>\n\n\n\n<p>Pe\u00f1a consider\u00f3 que en vez de pedir la renuncia del director de la Polic\u00eda Nacional, el senador es quien deber\u00eda renunciar a su cargo en el Congreso.<\/p>\n\n\n\n<p style=\"text-align:right\">Primer Momento<\/p>\n","protected":false},"excerpt":{"rendered":"<p>BAN\u00cd, Rep\u00fablica Dominicana.- Un a\u00f1o de prisi\u00f3n preventiva, como medida de coerci\u00f3n, les fueron impuestos a los presuntos narcotraficantes Rafael Antonio D\u00edaz, al\u00edas Buche, Luis Miguel Santana, al\u00edas El Chamo y Steven Ruiz, por la muerte del coronel de la Polic\u00eda Nacional Daniel Ramos Alvarez, en un punto de drogas en el sector Santa Cruz, [&hellip;]<\/p>\n","protected":false},"author":1,"featured_media":0,"comment_status":"open","ping_status":"open","sticky":false,"template":"","format":"standard","meta":{"_bbp_topic_count":0,"_bbp_reply_count":0,"_bbp_total_topic_count":0,"_bbp_total_reply_count":0,"_bbp_voice_count":0,"_bbp_anonymous_reply_count":0,"_bbp_topic_count_hidden":0,"_bbp_reply_count_hidden":0,"_bbp_forum_subforum_count":0,"footnotes":""},"categories":[60,32],"tags":[],"class_list":{"0":"post-314739","1":"post","2":"type-post","3":"status-publish","4":"format-standard","6":"category-titulares-del-dia","7":"category-lo-ultimo"},"_links":{"self":[{"href":"https:\/\/primermomento.com\/index.php?rest_route=\/wp\/v2\/posts\/314739","targetHints":{"allow":["GET"]}}],"collection":[{"href":"https:\/\/primermomento.com\/index.php?rest_route=\/wp\/v2\/posts"}],"about":[{"href":"https:\/\/primermomento.com\/index.php?rest_route=\/wp\/v2\/types\/post"}],"author":[{"embeddable":true,"href":"https:\/\/primermomento.com\/index.php?rest_route=\/wp\/v2\/users\/1"}],"replies":[{"embeddable":true,"href":"https:\/\/primermomento.com\/index.php?rest_route=%2Fwp%2Fv2%2Fcomments&post=314739"}],"version-history":[{"count":1,"href":"https:\/\/primermomento.com\/index.php?rest_route=\/wp\/v2\/posts\/314739\/revisions"}],"predecessor-version":[{"id":314741,"href":"https:\/\/primermomento.com\/index.php?rest_route=\/wp\/v2\/posts\/314739\/revisions\/314741"}],"wp:attachment":[{"href":"https:\/\/primermomento.com\/index.php?rest_route=%2Fwp%2Fv2%2Fmedia&parent=314739"}],"wp:term":[{"taxonomy":"category","embeddable":true,"href":"https:\/\/primermomento.com\/index.php?rest_route=%2Fwp%2Fv2%2Fcategories&post=314739"},{"taxonomy":"post_tag","embeddable":true,"href":"https:\/\/primermomento.com\/index.php?rest_route=%2Fwp%2Fv2%2Ftags&post=314739"}],"curies":[{"name":"wp","href":"https:\/\/api.w.org\/{rel}","templated":true}]}}