{"id":314742,"date":"2019-01-31T12:39:40","date_gmt":"2019-01-31T16:39:40","guid":{"rendered":"http:\/\/primermomento.com\/?p=314742"},"modified":"2019-01-31T16:03:22","modified_gmt":"2019-01-31T20:03:22","slug":"exconvicto-de-narcotrafico-reaparece-en-el-escenario-politico-dominicano","status":"publish","type":"post","link":"https:\/\/primermomento.com\/?p=314742","title":{"rendered":"Exconvicto de narcotr\u00e1fico reaparece en el escenario pol\u00edtico dominicano"},"content":{"rendered":"\n<p> SANTO DOMINGO, Rep\u00fablica Dominicana.- El narcotraficante confeso Quirino Ernesto  Paulino Castillo, El Don, que cumpli\u00f3 condena en Estados Unidos,  reapareci\u00f3 a la escena pol\u00edtica, con un video en el que se refiri\u00f3 a una  supuesta deuda que mantiene con \u00e9l el expresidente Leonel Fern\u00e1ndez y  expres\u00f3 su respaldo a las aspiraciones pol\u00edticas del tambi\u00e9n  exmandatario Hip\u00f3lito Mej\u00eda.<\/p>\n\n\n\n<figure class=\"wp-block-image\"><img loading=\"lazy\" decoding=\"async\" width=\"662\" height=\"460\" src=\"http:\/\/primermomento.com\/wp-content\/uploads\/2019\/01\/Quirino-Paulino-Castillo.jpeg\" alt=\"\" class=\"wp-image-314743\" srcset=\"https:\/\/primermomento.com\/wp-content\/uploads\/2019\/01\/Quirino-Paulino-Castillo.jpeg 662w, https:\/\/primermomento.com\/wp-content\/uploads\/2019\/01\/Quirino-Paulino-Castillo-300x208.jpeg 300w, https:\/\/primermomento.com\/wp-content\/uploads\/2019\/01\/Quirino-Paulino-Castillo-73x50.jpeg 73w, https:\/\/primermomento.com\/wp-content\/uploads\/2019\/01\/Quirino-Paulino-Castillo-110x77.jpeg 110w, https:\/\/primermomento.com\/wp-content\/uploads\/2019\/01\/Quirino-Paulino-Castillo-500x347.jpeg 500w, https:\/\/primermomento.com\/wp-content\/uploads\/2019\/01\/Quirino-Paulino-Castillo-280x195.jpeg 280w, https:\/\/primermomento.com\/wp-content\/uploads\/2019\/01\/Quirino-Paulino-Castillo-638x443.jpeg 638w, https:\/\/primermomento.com\/wp-content\/uploads\/2019\/01\/Quirino-Paulino-Castillo-118x82.jpeg 118w, https:\/\/primermomento.com\/wp-content\/uploads\/2019\/01\/Quirino-Paulino-Castillo-479x333.jpeg 479w\" sizes=\"auto, (max-width: 662px) 100vw, 662px\" \/><figcaption>Quirino Paulino Castillo <br><\/figcaption><\/figure>\n\n\n\n<p>Mej\u00eda confirm\u00f3 este mi\u00e9rcoles en dos \nemisoras de radio y en la red social Twitter que se reuni\u00f3, en una fecha\n y lugar que no precis\u00f3, con el exmilitar, quien sali\u00f3 de prisi\u00f3n en \n2014 tras casi una d\u00e9cada en una c\u00e1rcel en EE.UU., despu\u00e9s de que el 18 \nde diciembre de 2004 fuera detenido en la capital por un cargamento de \n1.387 kilos de coca\u00edna incautado ese mismo d\u00eda.<\/p>\n\n\n\n<p>\u201cPersonalmente he estado investigando el origen de Funglode y fui a \ncomprobar la veracidad de las denuncias que se le atribu\u00edan a Quirino, \nimplicado a Leonel Fern\u00e1ndez en deudas millonarias con \u00e9l\u201d, escribi\u00f3 en \nTwitter Hip\u00f3lito Mej\u00eda, exjefe de Estado.<\/p>\n\n\n\n<p>Mej\u00eda afirm\u00f3, adem\u00e1s, que dijo a Paulino Castillo que no est\u00e1 de \nacuerdo que \u201chaga campa\u00f1a\u201d a favor de sus aspiraciones pol\u00edticas.<\/p>\n\n\n\n<p>Por su lado, el equipo de campa\u00f1a de Fern\u00e1ndez rechaz\u00f3 por distintos \nmedios las denuncias de Paulino Castillo, y el expresidente de la Junta \nCentral Electoral (JCE) Roberto Rosario afirm\u00f3 que con la declaraci\u00f3n \ndel exconvicto se \u201cdesat\u00f3\u201d la \u201ccampa\u00f1a sucia\u201d que el equipo de Fern\u00e1ndez\n denunci\u00f3 el domingo.<\/p>\n\n\n\n<p>Se\u00f1al\u00f3, que la misma es \u201cel punto del iceberg\u201d del \u201clodo\u201d que quieren\n echarle encima al exmandatario, e indic\u00f3 que \u201clos grupos enquistados en\n el poder han puesto a Quirino a incidir en la pol\u00edtica dominicana para \nperjudicar la buena imagen\u201d de Fernandez, presidente del Partido de la \nLiberaci\u00f3n Dominicana (PLD).<\/p>\n\n\n\n<p>Paulino Castillo regres\u00f3 al pa\u00eds en febrero de 2015 y se refiri\u00f3 al \ndinero que supuestamente le adeuda Fern\u00e1ndez, lo que fue rechazado \nentonces tanto por el PLD como por el equipo pol\u00edtico del expresidente.<\/p>\n\n\n\n<p>Tanto Fern\u00e1ndez como Mej\u00eda son precandidatos presidenciales por sus respectivos partidos. <\/p>\n\n\n\n<p style=\"text-align:right\">EFE<\/p>\n","protected":false},"excerpt":{"rendered":"<p>SANTO DOMINGO, Rep\u00fablica Dominicana.- El narcotraficante confeso Quirino Ernesto Paulino Castillo, El Don, que cumpli\u00f3 condena en Estados Unidos, reapareci\u00f3 a la escena pol\u00edtica, con un video en el que se refiri\u00f3 a una supuesta deuda que mantiene con \u00e9l el expresidente Leonel Fern\u00e1ndez y expres\u00f3 su respaldo a las aspiraciones pol\u00edticas del tambi\u00e9n exmandatario [&hellip;]<\/p>\n","protected":false},"author":1,"featured_media":0,"comment_status":"open","ping_status":"open","sticky":false,"template":"","format":"standard","meta":{"_bbp_topic_count":0,"_bbp_reply_count":0,"_bbp_total_topic_count":0,"_bbp_total_reply_count":0,"_bbp_voice_count":0,"_bbp_anonymous_reply_count":0,"_bbp_topic_count_hidden":0,"_bbp_reply_count_hidden":0,"_bbp_forum_subforum_count":0,"footnotes":""},"categories":[60,31],"tags":[],"class_list":{"0":"post-314742","1":"post","2":"type-post","3":"status-publish","4":"format-standard","6":"category-titulares-del-dia","7":"category-estados-unidos"},"_links":{"self":[{"href":"https:\/\/primermomento.com\/index.php?rest_route=\/wp\/v2\/posts\/314742","targetHints":{"allow":["GET"]}}],"collection":[{"href":"https:\/\/primermomento.com\/index.php?rest_route=\/wp\/v2\/posts"}],"about":[{"href":"https:\/\/primermomento.com\/index.php?rest_route=\/wp\/v2\/types\/post"}],"author":[{"embeddable":true,"href":"https:\/\/primermomento.com\/index.php?rest_route=\/wp\/v2\/users\/1"}],"replies":[{"embeddable":true,"href":"https:\/\/primermomento.com\/index.php?rest_route=%2Fwp%2Fv2%2Fcomments&post=314742"}],"version-history":[{"count":1,"href":"https:\/\/primermomento.com\/index.php?rest_route=\/wp\/v2\/posts\/314742\/revisions"}],"predecessor-version":[{"id":314744,"href":"https:\/\/primermomento.com\/index.php?rest_route=\/wp\/v2\/posts\/314742\/revisions\/314744"}],"wp:attachment":[{"href":"https:\/\/primermomento.com\/index.php?rest_route=%2Fwp%2Fv2%2Fmedia&parent=314742"}],"wp:term":[{"taxonomy":"category","embeddable":true,"href":"https:\/\/primermomento.com\/index.php?rest_route=%2Fwp%2Fv2%2Fcategories&post=314742"},{"taxonomy":"post_tag","embeddable":true,"href":"https:\/\/primermomento.com\/index.php?rest_route=%2Fwp%2Fv2%2Ftags&post=314742"}],"curies":[{"name":"wp","href":"https:\/\/api.w.org\/{rel}","templated":true}]}}