{"id":314745,"date":"2019-01-31T16:39:10","date_gmt":"2019-01-31T20:39:10","guid":{"rendered":"http:\/\/primermomento.com\/?p=314745"},"modified":"2019-01-31T19:16:20","modified_gmt":"2019-01-31T23:16:20","slug":"bani-critican-ausencias-de-gobernadora-senador-y-jefe-policial","status":"publish","type":"post","link":"https:\/\/primermomento.com\/?p=314745","title":{"rendered":"BAN\u00cd | Critican ausencias de gobernadora, senador y jefe policial"},"content":{"rendered":"\n<p>BAN\u00cd, Rep\u00fablica Dominicana.- Con la presencia del obispo de Ban\u00ed, monse\u00f1or V\u00edctor Masalles Pere, y en busca de la \u00abprovincia que merecemos\u00bb se realiz\u00f3 a casa llena, el llamdo encuentro con las autoridades locales y m\u00e1s de 50 organizaciones de la sociedad civil, en el sal\u00f3n Padre Scarboro, del Centro Parroquial en la Catedral Nuestra Se\u00f1ora de Regla.<\/p>\n\n\n\n<figure class=\"wp-block-image\"><img loading=\"lazy\" decoding=\"async\" width=\"960\" height=\"541\" src=\"http:\/\/primermomento.com\/wp-content\/uploads\/2019\/01\/provincia-que-merecemos-centro-parroquial.jpg\" alt=\"\" class=\"wp-image-314746\" srcset=\"https:\/\/primermomento.com\/wp-content\/uploads\/2019\/01\/provincia-que-merecemos-centro-parroquial.jpg 960w, https:\/\/primermomento.com\/wp-content\/uploads\/2019\/01\/provincia-que-merecemos-centro-parroquial-300x169.jpg 300w, https:\/\/primermomento.com\/wp-content\/uploads\/2019\/01\/provincia-que-merecemos-centro-parroquial-768x433.jpg 768w, https:\/\/primermomento.com\/wp-content\/uploads\/2019\/01\/provincia-que-merecemos-centro-parroquial-478x270.jpg 478w, https:\/\/primermomento.com\/wp-content\/uploads\/2019\/01\/provincia-que-merecemos-centro-parroquial-500x282.jpg 500w, https:\/\/primermomento.com\/wp-content\/uploads\/2019\/01\/provincia-que-merecemos-centro-parroquial-280x158.jpg 280w, https:\/\/primermomento.com\/wp-content\/uploads\/2019\/01\/provincia-que-merecemos-centro-parroquial-638x360.jpg 638w, https:\/\/primermomento.com\/wp-content\/uploads\/2019\/01\/provincia-que-merecemos-centro-parroquial-118x66.jpg 118w, https:\/\/primermomento.com\/wp-content\/uploads\/2019\/01\/provincia-que-merecemos-centro-parroquial-479x270.jpg 479w\" sizes=\"auto, (max-width: 960px) 100vw, 960px\" \/><figcaption>\u00abPor una provincia que merecemos\u00bb, fue el slogan de la convocatoria.<\/figcaption><\/figure>\n\n\n\n<p>Aunque hubo dos ausencias de importantes funcionarios del tren gubernamental y uno congresual -la representante del Poder Ejecutivo, Nelly Melo de Guerrero, el director de la Regional Sur Central de la Polic\u00eda Nacional, general de brigada Eduardo Alberto Then, y el senador Wilton Guerrero, entre los asistentes prevalecieron voluntades y consensos al reconocer los males que afectan a la poblaci\u00f3n y c\u00f3mo enfrentarlos.<\/p>\n\n\n\n<p>La moderadora del c\u00f3nclave fue Paloma Lora, quien luego de hacer una apretada introducci\u00f3n, procedi\u00f3 a presentar a Arsenio Ortiz, del Grupo de Comunicaciones Ortiz Ruiz, el staff de periodistas y comunicadores de las empresas audiovisuales, como el patrocinante de la iniciativa.<\/p>\n\n\n\n<p>Ortiz narr\u00f3 y describi\u00f3 el alcance de esta convocatoria, cuyo objetivo es recuperar la maltrecha imagen de Ban\u00ed y la provincia Peravia con el tema del narcotr\u00e1fico y la criminalidad.<\/p>\n\n\n\n<p>Por supuesto, en el presidium se encontraba monse\u00f1or V\u00edctor Masalles Pere, seguido de los diputados Santo Ram\u00edrez, Julito Fulcar y Mercedes Rodr\u00edguez, los alcaldes de Ban\u00ed y Nizao, Nelson Camilo Landestoy y Salvador P\u00e9rez, respectivamente. Asimismo, y el procurador fiscal de la provincia, Angel Dario Tejeda Fabal, y el portavoz de la PN en Ban\u00ed, Adderly Fr\u00edas.<\/p>\n\n\n\n<p>Leonel Ortiz, ejecutivo del Grupo de Comunicaciones Ortiz Ruiz, ley\u00f3 el documento-base con las posibles soluciones para recuperar el orden p\u00fablico, la seguridad ciudadana y la paz social, que surgieron en el primer encuentro, celebrado en el Casino de Peravia:<\/p>\n\n\n\n<p>1.-Que la autoridad imponga restricciones de horarios para la venta y consumo de bebidas alcoh\u00f3licas en lugares p\u00fablicos y que estos sean cerrados a las 10:00 de la noche.<\/p>\n\n\n\n<p>2.-Que sea controlada la circulaci\u00f3n de motocicletas a determinadas horas de la noche, a menos que haya una justificaci\u00f3n v\u00e1lida para transitar en las calles en esos horarios.<\/p>\n\n\n\n<p>3.-Que se proh\u00edba terminantemente el uso de los espacios p\u00fablicos como las calles y aceras frente a los negocios de expendio de bebidas alcoh\u00f3licas, as\u00ed como tambi\u00e9n en otras modalidades de negocios y actividades particulares, tal y como lo establece la ley 176-07 del Distrito Nacional y los Municipios.<\/p>\n\n\n\n<p>4.-Que se aplique de forma efectiva el reglamento 824 de Espect\u00e1culos P\u00fablicos y Radiofon\u00eda para controlar los espect\u00e1culos y \u201cbebentinas\u201d al aire libre.<\/p>\n\n\n\n<p>5.-Que se haga cumplir la ley 287-04 sobre Prevenci\u00f3n, Supresi\u00f3n y Limitaci\u00f3n de Ruidos Nocivos y Molestos que Producen Contaminaci\u00f3n Sonora, lo que es responsabilidad del Ministerio de Medio Ambiente y Recursos Naturales y de la Gobernaci\u00f3n Provincial.<\/p>\n\n\n\n<p>6.-Que se implementen planes sistem\u00e1ticos de seguimiento y control para impedir la entrada de menores a centros de expendio de bebidas alcoh\u00f3licas, tal y como lo establece la ley No. 136-03 que crea el C\u00f3digo para el Sistema de Protecci\u00f3n y los Derechos Fundamentales de Ni\u00f1os, Ni\u00f1as y Adolescentes<\/p>\n\n\n\n<p>7.-La creaci\u00f3n y acondicionamiento de espacios deportivos en los barrios de los diferentes municipios, distritos municipales y secciones de la provincia.<\/p>\n\n\n\n<p>8.-La creaci\u00f3n de fuentes de empleo que ocupen a nuestros j\u00f3venes, hombres y mujeres.<\/p>\n\n\n\n<p>9.-La recuperaci\u00f3n y puesta en funcionamiento del parque industrial Zona Franca Banileja.<\/p>\n\n\n\n<p>10.-Que se ponga en funcionamiento de manera efectiva la mesa de seguridad ciudadana integrada por las autoridades y representantes de la sociedad civil.<\/p>\n\n\n\n<p>11.-La creaci\u00f3n de un comit\u00e9 de seguimiento, monitoreo y control, integrado por organizaciones de la sociedad civil en procura del cumplimiento de las medidas que se pondr\u00edan en ejecuci\u00f3n. <\/p>\n\n\n\n<p style=\"text-align:right\">Primer Momento<\/p>\n","protected":false},"excerpt":{"rendered":"<p>BAN\u00cd, Rep\u00fablica Dominicana.- Con la presencia del obispo de Ban\u00ed, monse\u00f1or V\u00edctor Masalles Pere, y en busca de la \u00abprovincia que merecemos\u00bb se realiz\u00f3 a casa llena, el llamdo encuentro con las autoridades locales y m\u00e1s de 50 organizaciones de la sociedad civil, en el sal\u00f3n Padre Scarboro, del Centro Parroquial en la Catedral Nuestra [&hellip;]<\/p>\n","protected":false},"author":1,"featured_media":0,"comment_status":"open","ping_status":"open","sticky":false,"template":"","format":"standard","meta":{"_bbp_topic_count":0,"_bbp_reply_count":0,"_bbp_total_topic_count":0,"_bbp_total_reply_count":0,"_bbp_voice_count":0,"_bbp_anonymous_reply_count":0,"_bbp_topic_count_hidden":0,"_bbp_reply_count_hidden":0,"_bbp_forum_subforum_count":0,"footnotes":""},"categories":[60,32],"tags":[],"class_list":{"0":"post-314745","1":"post","2":"type-post","3":"status-publish","4":"format-standard","6":"category-titulares-del-dia","7":"category-lo-ultimo"},"_links":{"self":[{"href":"https:\/\/primermomento.com\/index.php?rest_route=\/wp\/v2\/posts\/314745","targetHints":{"allow":["GET"]}}],"collection":[{"href":"https:\/\/primermomento.com\/index.php?rest_route=\/wp\/v2\/posts"}],"about":[{"href":"https:\/\/primermomento.com\/index.php?rest_route=\/wp\/v2\/types\/post"}],"author":[{"embeddable":true,"href":"https:\/\/primermomento.com\/index.php?rest_route=\/wp\/v2\/users\/1"}],"replies":[{"embeddable":true,"href":"https:\/\/primermomento.com\/index.php?rest_route=%2Fwp%2Fv2%2Fcomments&post=314745"}],"version-history":[{"count":3,"href":"https:\/\/primermomento.com\/index.php?rest_route=\/wp\/v2\/posts\/314745\/revisions"}],"predecessor-version":[{"id":314763,"href":"https:\/\/primermomento.com\/index.php?rest_route=\/wp\/v2\/posts\/314745\/revisions\/314763"}],"wp:attachment":[{"href":"https:\/\/primermomento.com\/index.php?rest_route=%2Fwp%2Fv2%2Fmedia&parent=314745"}],"wp:term":[{"taxonomy":"category","embeddable":true,"href":"https:\/\/primermomento.com\/index.php?rest_route=%2Fwp%2Fv2%2Fcategories&post=314745"},{"taxonomy":"post_tag","embeddable":true,"href":"https:\/\/primermomento.com\/index.php?rest_route=%2Fwp%2Fv2%2Ftags&post=314745"}],"curies":[{"name":"wp","href":"https:\/\/api.w.org\/{rel}","templated":true}]}}