{"id":314749,"date":"2019-01-31T17:43:02","date_gmt":"2019-01-31T21:43:02","guid":{"rendered":"http:\/\/primermomento.com\/?p=314749"},"modified":"2019-01-31T17:43:02","modified_gmt":"2019-01-31T21:43:02","slug":"bani-diputado-se-queja-de-ausencias-de-funcionarios","status":"publish","type":"post","link":"https:\/\/primermomento.com\/?p=314749","title":{"rendered":"BAN\u00cd | Diputado se queja de ausencias de funcionarios"},"content":{"rendered":"\n<p> BAN\u00cd, Rep\u00fablica Dominicana.- El diputado Santo Ram\u00edrez se quej\u00f3 de las ausencias del nuevo director de la Regional Sur Central de la Polic\u00eda Nacional, general de brigada Eduardo Alberto Then, de la gobernadora Nelly Melo de Guerrero, como representantes del Poder Ejecutivo, en el encuentro por \u201cla provincia que merecemos\u201d, que se efectu\u00f3 la noche del mi\u00e9rcoles en el sal\u00f3n Padre Scarboro, del Centro Parroquial, de la Catedral Nuestra Se\u00f1ora de Regla.<\/p>\n\n\n\n<figure class=\"wp-block-image\"><img loading=\"lazy\" decoding=\"async\" width=\"640\" height=\"480\" src=\"http:\/\/primermomento.com\/wp-content\/uploads\/2019\/01\/Santa-Ramirez-encuentro.jpg\" alt=\"\" class=\"wp-image-314751\" srcset=\"https:\/\/primermomento.com\/wp-content\/uploads\/2019\/01\/Santa-Ramirez-encuentro.jpg 640w, https:\/\/primermomento.com\/wp-content\/uploads\/2019\/01\/Santa-Ramirez-encuentro-300x225.jpg 300w, https:\/\/primermomento.com\/wp-content\/uploads\/2019\/01\/Santa-Ramirez-encuentro-120x90.jpg 120w, https:\/\/primermomento.com\/wp-content\/uploads\/2019\/01\/Santa-Ramirez-encuentro-500x375.jpg 500w, https:\/\/primermomento.com\/wp-content\/uploads\/2019\/01\/Santa-Ramirez-encuentro-280x210.jpg 280w, https:\/\/primermomento.com\/wp-content\/uploads\/2019\/01\/Santa-Ramirez-encuentro-638x479.jpg 638w, https:\/\/primermomento.com\/wp-content\/uploads\/2019\/01\/Santa-Ramirez-encuentro-118x89.jpg 118w, https:\/\/primermomento.com\/wp-content\/uploads\/2019\/01\/Santa-Ramirez-encuentro-479x359.jpg 479w\" sizes=\"auto, (max-width: 640px) 100vw, 640px\" \/><figcaption> Diputado Santo Ram\u00edrez durante su intervenci\u00f3n en el evento <\/figcaption><\/figure>\n\n\n\n<p>Al escuchar las propuestas de la sociedad civil, el legislador por la provincia Peravia dijo que son realizables y posibles citando como ejemplo los horarios de expendios de bebidas alcoh\u00f3licas.<\/p>\n\n\n\n<p>Al abordar el tema de la criminalidad, Ram\u00edrez se refiri\u00f3 al proyecto de reforma a la ley anti-crimen. \u00abEl Congreso Nacional no ha jugado su rol de empoderarse, a fin de separar las tres causales del C\u00f3digo Penal\u00bb.<\/p>\n\n\n\n<p>El diputado perreme\u00edsta recomend\u00f3 una ley especial para las tres causales. Al mismo tiempo, plante\u00f3 una reforma policial integral que aumente el salario de los polic\u00edas porque las bajas remuneraciones son tentatorias para los agentes del orden p\u00fablico.<\/p>\n\n\n\n<p>Tambien, Ram\u00edrez emplaz\u00f3 al Gobierno nacional a implementar pol\u00edticas p\u00fablicas que generen empleos para los j\u00f3venes, y que ordene la construcci\u00f3n de la ciudad universitaria en Ban\u00ed.<\/p>\n\n\n\n<p>Primer Momento<\/p>\n","protected":false},"excerpt":{"rendered":"<p>BAN\u00cd, Rep\u00fablica Dominicana.- El diputado Santo Ram\u00edrez se quej\u00f3 de las ausencias del nuevo director de la Regional Sur Central de la Polic\u00eda Nacional, general de brigada Eduardo Alberto Then, de la gobernadora Nelly Melo de Guerrero, como representantes del Poder Ejecutivo, en el encuentro por \u201cla provincia que merecemos\u201d, que se efectu\u00f3 la noche [&hellip;]<\/p>\n","protected":false},"author":1,"featured_media":0,"comment_status":"open","ping_status":"open","sticky":false,"template":"","format":"standard","meta":{"_bbp_topic_count":0,"_bbp_reply_count":0,"_bbp_total_topic_count":0,"_bbp_total_reply_count":0,"_bbp_voice_count":0,"_bbp_anonymous_reply_count":0,"_bbp_topic_count_hidden":0,"_bbp_reply_count_hidden":0,"_bbp_forum_subforum_count":0,"footnotes":""},"categories":[30,60],"tags":[],"class_list":{"0":"post-314749","1":"post","2":"type-post","3":"status-publish","4":"format-standard","6":"category-actualidad","7":"category-titulares-del-dia"},"_links":{"self":[{"href":"https:\/\/primermomento.com\/index.php?rest_route=\/wp\/v2\/posts\/314749","targetHints":{"allow":["GET"]}}],"collection":[{"href":"https:\/\/primermomento.com\/index.php?rest_route=\/wp\/v2\/posts"}],"about":[{"href":"https:\/\/primermomento.com\/index.php?rest_route=\/wp\/v2\/types\/post"}],"author":[{"embeddable":true,"href":"https:\/\/primermomento.com\/index.php?rest_route=\/wp\/v2\/users\/1"}],"replies":[{"embeddable":true,"href":"https:\/\/primermomento.com\/index.php?rest_route=%2Fwp%2Fv2%2Fcomments&post=314749"}],"version-history":[{"count":2,"href":"https:\/\/primermomento.com\/index.php?rest_route=\/wp\/v2\/posts\/314749\/revisions"}],"predecessor-version":[{"id":314753,"href":"https:\/\/primermomento.com\/index.php?rest_route=\/wp\/v2\/posts\/314749\/revisions\/314753"}],"wp:attachment":[{"href":"https:\/\/primermomento.com\/index.php?rest_route=%2Fwp%2Fv2%2Fmedia&parent=314749"}],"wp:term":[{"taxonomy":"category","embeddable":true,"href":"https:\/\/primermomento.com\/index.php?rest_route=%2Fwp%2Fv2%2Fcategories&post=314749"},{"taxonomy":"post_tag","embeddable":true,"href":"https:\/\/primermomento.com\/index.php?rest_route=%2Fwp%2Fv2%2Ftags&post=314749"}],"curies":[{"name":"wp","href":"https:\/\/api.w.org\/{rel}","templated":true}]}}