{"id":314754,"date":"2019-01-31T18:01:56","date_gmt":"2019-01-31T22:01:56","guid":{"rendered":"http:\/\/primermomento.com\/?p=314754"},"modified":"2019-01-31T18:01:57","modified_gmt":"2019-01-31T22:01:57","slug":"bani-diputado-propone-una-mesa-y-plan-para-jovenes","status":"publish","type":"post","link":"https:\/\/primermomento.com\/?p=314754","title":{"rendered":"BAN\u00cd | Diputado propone Una Mesa y plan para j\u00f3venes"},"content":{"rendered":"\n<p>BAN\u00cd, Rep\u00fablica Dominicana.- El diputado Julito Fulcar propuso \u00abUna Mesa por Ban\u00ed y un Fondo Rotatorio para educar a j\u00f3venes en los barrios\u00bb, en el marco del encuentro por \u00abUna provincia que merecemos, patrocinado por el Grupo de Comunicaciones Ortiz Ruiz, y el staff de periodistas y comunicadores de estas empresas audiovisuales.<\/p>\n\n\n\n<figure class=\"wp-block-image\"><img loading=\"lazy\" decoding=\"async\" width=\"640\" height=\"480\" src=\"http:\/\/primermomento.com\/wp-content\/uploads\/2019\/01\/peravia-que-merecemos-julito-fulcar.jpg\" alt=\"\" class=\"wp-image-314755\" srcset=\"https:\/\/primermomento.com\/wp-content\/uploads\/2019\/01\/peravia-que-merecemos-julito-fulcar.jpg 640w, https:\/\/primermomento.com\/wp-content\/uploads\/2019\/01\/peravia-que-merecemos-julito-fulcar-300x225.jpg 300w, https:\/\/primermomento.com\/wp-content\/uploads\/2019\/01\/peravia-que-merecemos-julito-fulcar-120x90.jpg 120w, https:\/\/primermomento.com\/wp-content\/uploads\/2019\/01\/peravia-que-merecemos-julito-fulcar-500x375.jpg 500w, https:\/\/primermomento.com\/wp-content\/uploads\/2019\/01\/peravia-que-merecemos-julito-fulcar-280x210.jpg 280w, https:\/\/primermomento.com\/wp-content\/uploads\/2019\/01\/peravia-que-merecemos-julito-fulcar-638x479.jpg 638w, https:\/\/primermomento.com\/wp-content\/uploads\/2019\/01\/peravia-que-merecemos-julito-fulcar-118x89.jpg 118w, https:\/\/primermomento.com\/wp-content\/uploads\/2019\/01\/peravia-que-merecemos-julito-fulcar-479x359.jpg 479w\" sizes=\"auto, (max-width: 640px) 100vw, 640px\" \/><figcaption>Julito Fulcar propuso \u00abUna Mesa por Ban\u00ed y un Fondo Rotatorio<\/figcaption><\/figure>\n\n\n\n<p>En el evento, que se efectu\u00f3 en el sal\u00f3n Padre Scarboro, del Centro Parroquial, de la Catedral Nuestra Se\u00f1ora de Regla, este mi\u00e9rcoles 30 de enero, Fulcar tambi\u00e9n declar\u00f3 que la educaci\u00f3n p\u00fablica no sirve para formar j\u00f3venes productivos\u00bb, por lo que recomend\u00f3 un cambio porque el aspecto educativo es la base de las pol\u00edticas p\u00fablicas.<\/p>\n\n\n\n<p>Record\u00f3 que ha propuesto en la C\u00e1mara de Diputados un Plan Operativo de Acciones bajo la responsabilidad de autoridades, medios de comunicaci\u00f3n social y sociedad civil.<\/p>\n\n\n\n<p>\u00abHay que unificar a la sociedad\u00bb, sentenci\u00f3 el legislador perreme\u00edsta.<\/p>\n\n\n\n<p>Al referirse a las incursiones policiales en viviendas del municipio de Ban\u00ed, manifest\u00f3 que esos agentes allanan sin \u00f3rdenes de jueces y sin estar acompa\u00f1ado por el Ministerio P\u00fablica, en franca violaci\u00f3n a la Constituci\u00f3n de la Rep\u00fablica.<\/p>\n\n\n\n<p style=\"text-align:right\">Primer Momento<\/p>\n","protected":false},"excerpt":{"rendered":"<p>BAN\u00cd, Rep\u00fablica Dominicana.- El diputado Julito Fulcar propuso \u00abUna Mesa por Ban\u00ed y un Fondo Rotatorio para educar a j\u00f3venes en los barrios\u00bb, en el marco del encuentro por \u00abUna provincia que merecemos, patrocinado por el Grupo de Comunicaciones Ortiz Ruiz, y el staff de periodistas y comunicadores de estas empresas audiovisuales. En el evento, [&hellip;]<\/p>\n","protected":false},"author":1,"featured_media":0,"comment_status":"open","ping_status":"open","sticky":false,"template":"","format":"standard","meta":{"_bbp_topic_count":0,"_bbp_reply_count":0,"_bbp_total_topic_count":0,"_bbp_total_reply_count":0,"_bbp_voice_count":0,"_bbp_anonymous_reply_count":0,"_bbp_topic_count_hidden":0,"_bbp_reply_count_hidden":0,"_bbp_forum_subforum_count":0,"footnotes":""},"categories":[30,60],"tags":[],"class_list":{"0":"post-314754","1":"post","2":"type-post","3":"status-publish","4":"format-standard","6":"category-actualidad","7":"category-titulares-del-dia"},"_links":{"self":[{"href":"https:\/\/primermomento.com\/index.php?rest_route=\/wp\/v2\/posts\/314754","targetHints":{"allow":["GET"]}}],"collection":[{"href":"https:\/\/primermomento.com\/index.php?rest_route=\/wp\/v2\/posts"}],"about":[{"href":"https:\/\/primermomento.com\/index.php?rest_route=\/wp\/v2\/types\/post"}],"author":[{"embeddable":true,"href":"https:\/\/primermomento.com\/index.php?rest_route=\/wp\/v2\/users\/1"}],"replies":[{"embeddable":true,"href":"https:\/\/primermomento.com\/index.php?rest_route=%2Fwp%2Fv2%2Fcomments&post=314754"}],"version-history":[{"count":1,"href":"https:\/\/primermomento.com\/index.php?rest_route=\/wp\/v2\/posts\/314754\/revisions"}],"predecessor-version":[{"id":314756,"href":"https:\/\/primermomento.com\/index.php?rest_route=\/wp\/v2\/posts\/314754\/revisions\/314756"}],"wp:attachment":[{"href":"https:\/\/primermomento.com\/index.php?rest_route=%2Fwp%2Fv2%2Fmedia&parent=314754"}],"wp:term":[{"taxonomy":"category","embeddable":true,"href":"https:\/\/primermomento.com\/index.php?rest_route=%2Fwp%2Fv2%2Fcategories&post=314754"},{"taxonomy":"post_tag","embeddable":true,"href":"https:\/\/primermomento.com\/index.php?rest_route=%2Fwp%2Fv2%2Ftags&post=314754"}],"curies":[{"name":"wp","href":"https:\/\/api.w.org\/{rel}","templated":true}]}}