{"id":314757,"date":"2019-01-31T19:05:42","date_gmt":"2019-01-31T23:05:42","guid":{"rendered":"http:\/\/primermomento.com\/?p=314757"},"modified":"2019-01-31T21:30:03","modified_gmt":"2019-02-01T01:30:03","slug":"bani-obispo-masalles-propone-un-desarme","status":"publish","type":"post","link":"https:\/\/primermomento.com\/?p=314757","title":{"rendered":"BAN\u00cd | Obispo Masalles propone un desarme de la poblaci\u00f3n civil"},"content":{"rendered":"\n<p>BAN\u00cd, Rep\u00fablica Dominicana.- El obispo de Ban\u00ed, monse\u00f1or V\u00edctor Masalles Pere, propuso un desarme para contrarrestar la ola delictiva que afecta a la poblaci\u00f3n, en el marco del encuentro \u00abPor una provincia que merecemos\u00bb, patrocinada por el Grupo de Comunicaciones Ortiz Ruiz y su staff de periodistas y comunicadores de las empresas audiovisuales.<\/p>\n\n\n\n<figure class=\"wp-block-image\"><img loading=\"lazy\" decoding=\"async\" width=\"845\" height=\"476\" src=\"http:\/\/primermomento.com\/wp-content\/uploads\/2019\/01\/Obispo-Masalles-encuentro.jpg\" alt=\"\" class=\"wp-image-314758\" srcset=\"https:\/\/primermomento.com\/wp-content\/uploads\/2019\/01\/Obispo-Masalles-encuentro.jpg 845w, https:\/\/primermomento.com\/wp-content\/uploads\/2019\/01\/Obispo-Masalles-encuentro-300x169.jpg 300w, https:\/\/primermomento.com\/wp-content\/uploads\/2019\/01\/Obispo-Masalles-encuentro-768x433.jpg 768w, https:\/\/primermomento.com\/wp-content\/uploads\/2019\/01\/Obispo-Masalles-encuentro-478x270.jpg 478w, https:\/\/primermomento.com\/wp-content\/uploads\/2019\/01\/Obispo-Masalles-encuentro-500x282.jpg 500w, https:\/\/primermomento.com\/wp-content\/uploads\/2019\/01\/Obispo-Masalles-encuentro-280x158.jpg 280w, https:\/\/primermomento.com\/wp-content\/uploads\/2019\/01\/Obispo-Masalles-encuentro-638x359.jpg 638w, https:\/\/primermomento.com\/wp-content\/uploads\/2019\/01\/Obispo-Masalles-encuentro-118x66.jpg 118w, https:\/\/primermomento.com\/wp-content\/uploads\/2019\/01\/Obispo-Masalles-encuentro-479x270.jpg 479w\" sizes=\"auto, (max-width: 845px) 100vw, 845px\" \/><\/figure>\n\n\n\n<p>Al mismo tiempo, denunci\u00f3 la doble autoridad y la carencia de un r\u00e9gimen de consecuencias, culpando de esa situaci\u00f3n a la fragilidad institucional que existe en el pa\u00eds.<\/p>\n\n\n\n<p>El prelado cat\u00f3lico es de opini\u00f3n tambi\u00e9n que debe exig\u00edrsele a cada autoridad nacional, provincial o municipal que cumpla con su rol y no dejarse presionar por intereses particulares.<\/p>\n\n\n\n<p>Masalles Pere considera inaceptable que individuos armados est\u00e9n circulando a altas horas de la noche poniendo en riesgo la vida de los ciudadanos. \u00abA cualquiera puede matar de los estamos aqu\u00ed esta noche\u00bb.<\/p>\n\n\n\n<p>Monse\u00f1or Masalles Pere se refiri\u00f3 al C\u00f3digo Penal y dijo que este ordenamiento jur\u00eddico data de la \u00e9poca del nacimiento de la rep\u00fablica dominicana. \u00abEs una urgencia una modificaci\u00f3n a ese instrumento legal\u00bb.<\/p>\n\n\n\n<p>Deplor\u00f3 que no haya una verdadera separaci\u00f3n de poderes, y porque muchos pol\u00edticos se han convertido en caciques afectan el desarrollo institucional del pa\u00eds.<\/p>\n\n\n\n<p style=\"text-align:right\">Primer Momento<\/p>\n","protected":false},"excerpt":{"rendered":"<p>BAN\u00cd, Rep\u00fablica Dominicana.- El obispo de Ban\u00ed, monse\u00f1or V\u00edctor Masalles Pere, propuso un desarme para contrarrestar la ola delictiva que afecta a la poblaci\u00f3n, en el marco del encuentro \u00abPor una provincia que merecemos\u00bb, patrocinada por el Grupo de Comunicaciones Ortiz Ruiz y su staff de periodistas y comunicadores de las empresas audiovisuales. Al mismo [&hellip;]<\/p>\n","protected":false},"author":1,"featured_media":0,"comment_status":"open","ping_status":"open","sticky":false,"template":"","format":"standard","meta":{"_bbp_topic_count":0,"_bbp_reply_count":0,"_bbp_total_topic_count":0,"_bbp_total_reply_count":0,"_bbp_voice_count":0,"_bbp_anonymous_reply_count":0,"_bbp_topic_count_hidden":0,"_bbp_reply_count_hidden":0,"_bbp_forum_subforum_count":0,"footnotes":""},"categories":[30,60],"tags":[],"class_list":{"0":"post-314757","1":"post","2":"type-post","3":"status-publish","4":"format-standard","6":"category-actualidad","7":"category-titulares-del-dia"},"_links":{"self":[{"href":"https:\/\/primermomento.com\/index.php?rest_route=\/wp\/v2\/posts\/314757","targetHints":{"allow":["GET"]}}],"collection":[{"href":"https:\/\/primermomento.com\/index.php?rest_route=\/wp\/v2\/posts"}],"about":[{"href":"https:\/\/primermomento.com\/index.php?rest_route=\/wp\/v2\/types\/post"}],"author":[{"embeddable":true,"href":"https:\/\/primermomento.com\/index.php?rest_route=\/wp\/v2\/users\/1"}],"replies":[{"embeddable":true,"href":"https:\/\/primermomento.com\/index.php?rest_route=%2Fwp%2Fv2%2Fcomments&post=314757"}],"version-history":[{"count":3,"href":"https:\/\/primermomento.com\/index.php?rest_route=\/wp\/v2\/posts\/314757\/revisions"}],"predecessor-version":[{"id":314779,"href":"https:\/\/primermomento.com\/index.php?rest_route=\/wp\/v2\/posts\/314757\/revisions\/314779"}],"wp:attachment":[{"href":"https:\/\/primermomento.com\/index.php?rest_route=%2Fwp%2Fv2%2Fmedia&parent=314757"}],"wp:term":[{"taxonomy":"category","embeddable":true,"href":"https:\/\/primermomento.com\/index.php?rest_route=%2Fwp%2Fv2%2Fcategories&post=314757"},{"taxonomy":"post_tag","embeddable":true,"href":"https:\/\/primermomento.com\/index.php?rest_route=%2Fwp%2Fv2%2Ftags&post=314757"}],"curies":[{"name":"wp","href":"https:\/\/api.w.org\/{rel}","templated":true}]}}